{"id":40716,"date":"2023-06-26T12:37:29","date_gmt":"2023-06-26T15:37:29","guid":{"rendered":"https:\/\/www.obispado-mdp.org.ar\/a\/?p=40716"},"modified":"2023-06-26T12:37:46","modified_gmt":"2023-06-26T15:37:46","slug":"encuentro-ecumenico-y-dialogo-religioso","status":"publish","type":"post","link":"https:\/\/www.obispado-mdp.org.ar\/a\/encuentro-ecumenico-y-dialogo-religioso\/","title":{"rendered":"ENCUENTRO ECUM\u00c9NICO Y DI\u00c1LOGO RELIGIOSO."},"content":{"rendered":"\n<p class=\"has-pale-cyan-blue-background-color has-background\"><strong>La Comisi\u00f3n Diocesana de Ecumenismo y Dialogo Interreligioso invita por este medio a toda la comunidad al Encuentro Ecum\u00e9nico que se realizar\u00e1 el d\u00eda 27 de junio del corriente, a la 19hs, en la Iglesia Luterana ubicada en Funes 3178 de nuestra ciudad. En tal sentido el padre obispo envio un mensaje donde invita a participar de este encuentro ecum\u00e9nico.<\/strong><\/p>\n\n\n\n<p>El evento tendr\u00e1 lugar en el marco de la Semana de Oraci\u00f3n por la unidad de todos los cristianos, bajo el lema <em>\u201cHaz el bien, busca la justicia\u201d<\/em>, donde todos juntos rezaremos por la paz social en nuestro pa\u00eds.<\/p>\n\n\n\n<p>Participaran del mismo la Iglesia Metodista, Iglesia Cat\u00f3lica, Iglesia Cristiana B\u00edblica, Iglesia Evang\u00e9lica Luterana Argentina, la Asociaci\u00f3n Pastoral Evang\u00e9lica de Mar y la Iglesia Ortodoxa Rusa.<\/p>\n\n\n\n<figure class=\"wp-block-video\"><video controls src=\"https:\/\/www.obispado-mdp.org.ar\/a\/wp-content\/uploads\/2023\/06\/WhatsApp-Video-2023-06-26-at-11.49.29.mp4\"><\/video><\/figure>\n","protected":false},"excerpt":{"rendered":"<p>La Comisi\u00f3n Diocesana de Ecumenismo y Dialogo Interreligioso invita por este medio a toda la comunidad al Encuentro Ecum\u00e9nico que se realizar\u00e1 el d\u00eda 27 de junio del corriente, a la 19hs, en la Iglesia Luterana ubicada en Funes 3178 de nuestra ciudad. En tal sentido el padre obispo envio un mensaje donde invita a [&hellip;]<\/p>\n","protected":false},"author":4,"featured_media":40718,"comment_status":"open","ping_status":"open","sticky":false,"template":"","format":"standard","meta":{"_et_pb_use_builder":"","_et_pb_old_content":"","_et_gb_content_width":""},"categories":[4,9],"tags":[],"aioseo_notices":[],"_links":{"self":[{"href":"https:\/\/www.obispado-mdp.org.ar\/a\/wp-json\/wp\/v2\/posts\/40716"}],"collection":[{"href":"https:\/\/www.obispado-mdp.org.ar\/a\/wp-json\/wp\/v2\/posts"}],"about":[{"href":"https:\/\/www.obispado-mdp.org.ar\/a\/wp-json\/wp\/v2\/types\/post"}],"author":[{"embeddable":true,"href":"https:\/\/www.obispado-mdp.org.ar\/a\/wp-json\/wp\/v2\/users\/4"}],"replies":[{"embeddable":true,"href":"https:\/\/www.obispado-mdp.org.ar\/a\/wp-json\/wp\/v2\/comments?post=40716"}],"version-history":[{"count":1,"href":"https:\/\/www.obispado-mdp.org.ar\/a\/wp-json\/wp\/v2\/posts\/40716\/revisions"}],"predecessor-version":[{"id":40719,"href":"https:\/\/www.obispado-mdp.org.ar\/a\/wp-json\/wp\/v2\/posts\/40716\/revisions\/40719"}],"wp:featuredmedia":[{"embeddable":true,"href":"https:\/\/www.obispado-mdp.org.ar\/a\/wp-json\/wp\/v2\/media\/40718"}],"wp:attachment":[{"href":"https:\/\/www.obispado-mdp.org.ar\/a\/wp-json\/wp\/v2\/media?parent=40716"}],"wp:term":[{"taxonomy":"category","embeddable":true,"href":"https:\/\/www.obispado-mdp.org.ar\/a\/wp-json\/wp\/v2\/categories?post=40716"},{"taxonomy":"post_tag","embeddable":true,"href":"https:\/\/www.obispado-mdp.org.ar\/a\/wp-json\/wp\/v2\/tags?post=40716"}],"curies":[{"name":"wp","href":"https:\/\/api.w.org\/{rel}","templated":true}]}}