{"id":40720,"date":"2023-06-27T09:07:59","date_gmt":"2023-06-27T12:07:59","guid":{"rendered":"https:\/\/www.obispado-mdp.org.ar\/a\/?p=40720"},"modified":"2023-06-27T09:08:06","modified_gmt":"2023-06-27T12:08:06","slug":"la-droga-en-toda-circunstancia-mata","status":"publish","type":"post","link":"https:\/\/www.obispado-mdp.org.ar\/a\/la-droga-en-toda-circunstancia-mata\/","title":{"rendered":"LA DROGA EN TODA CIRCUNSTANCIA MATA."},"content":{"rendered":"\n<p class=\"has-pale-cyan-blue-background-color has-background\"><strong>Se realiz\u00f3 en la Iglesia Catedral la misa por el d\u00eda internacional de Lucha contra el uso indebido y el tr\u00e1fico il\u00edcito de drogas. Miembros de La Pastoral de Adicciones de nuestra Di\u00f3cesis y distintos espacios que trabajan d\u00eda a d\u00eda con esta problem\u00e1tica estuvieron presente en dicha celebraci\u00f3n<\/strong>. <\/p>\n\n\n\n<p>El Padre Obispo Gabriel Mestre Presidio la Misa junto al Padre Choby, asesor de la Pastoral de Adicciones de la Di\u00f3cesis y\u00a0el Padre Hern\u00e1n, responsable de los Hogares de Cristo de Mar del Plata y otros sacerdotes.<\/p>\n\n\n\n<p>Homil\u00eda<\/p>\n\n\n\n<p>El Padre Obispo agradeci\u00f3 a Dios y a muchos de los que participan en la lucha diaria acompa\u00f1ando a personas y familias que est\u00e1n atravesadas por el flagelo de las drogas.<\/p>\n\n\n\n<p>En una parte de la homil\u00eda dijo: \u201cLos textos b\u00edblicos de hoy que hacen referencia a la justicia, que aparece en el Evangelio y la mirada con respecto aquel que quiere corregir a otro, no se da cuenta que no puede corregir a nadie porque est\u00e1 viendo un detalle del otro, no se da cuenta que tiene una viga en su propio ojo. Pensaba; \u00bfqu\u00e9 mirada tenemos del hermano, hermana que est\u00e1 en una situaci\u00f3n de droga? \u00bfQu\u00e9 mirada tenemos de la familia que intenta luchar ante esta realidad con las herramientas que tiene? Tal vez sea una mirada dura o una mirada muy blanda o tal vez miope, o tal vez una mirada en que en la justicia, o en la pol\u00edtica sociales no se pone el foco donde hay que poner el foco y se criminaliza r\u00e1pidamente al \u00faltimo eslab\u00f3n, que padece una &nbsp;situaci\u00f3n de vulnerabilidad que lo lleva al consumo. <strong>Creo que no ponemos el foco en aquellos lugares donde claramente hay que poner el foco para terminar con la droga que siempre en toda circunstancia mata\u201d<\/strong><\/p>\n\n\n\n<p>Algunos de los conceptos de la Homil\u00eda del Obispo Gabriel en dicha celebraci\u00f3n ante una nutrida cantidad de fieles que concurrieron a la Iglesia Catedral<\/p>\n\n\n\n<p>Finalmente el padre obispo bendijo a los miembros de las pastorales que trabajan con las adicciones y con los sectores m\u00e1s vulnerables y a los j\u00f3venes de los Hogares de Cristo.<\/p>\n\n\n\n<p>Cr\u00f3nica: Leo Garc\u00eda<\/p>\n\n\n\n<figure class=\"wp-container-2 wp-block-gallery-1 wp-block-gallery has-nested-images columns-default is-cropped\">\n<figure class=\"wp-block-image size-large\"><img loading=\"lazy\" width=\"1024\" height=\"642\" data-id=\"40723\"  src=\"https:\/\/www.obispado-mdp.org.ar\/a\/wp-content\/uploads\/2023\/06\/c1f20af2-d489-430c-b4a9-5500faeac4a6-2-1024x642.jpg\" alt=\"\" class=\"wp-image-40723\"\/><\/figure>\n\n\n\n<figure class=\"wp-block-image size-large\"><img loading=\"lazy\" width=\"768\" height=\"1024\" data-id=\"40722\"  src=\"https:\/\/www.obispado-mdp.org.ar\/a\/wp-content\/uploads\/2023\/06\/c1f20af2-d489-430c-b4a9-5500faeac4a6-768x1024.jpg\" alt=\"\" class=\"wp-image-40722\"\/><\/figure>\n<\/figure>\n\n\n\n<figure class=\"wp-block-image size-large\"><img loading=\"lazy\" width=\"1024\" height=\"576\" src=\"https:\/\/www.obispado-mdp.org.ar\/a\/wp-content\/uploads\/2023\/06\/0397deb8-f1e0-48cc-a5c8-362ee8494557-1-1024x576.jpg\" alt=\"\" class=\"wp-image-40724\"\/><\/figure>\n","protected":false},"excerpt":{"rendered":"<p>Se realiz\u00f3 en la Iglesia Catedral la misa por el d\u00eda internacional de Lucha contra el uso indebido y el tr\u00e1fico il\u00edcito de drogas. Miembros de La Pastoral de Adicciones de nuestra Di\u00f3cesis y distintos espacios que trabajan d\u00eda a d\u00eda con esta problem\u00e1tica estuvieron presente en dicha celebraci\u00f3n. El Padre Obispo Gabriel Mestre Presidio [&hellip;]<\/p>\n","protected":false},"author":4,"featured_media":40726,"comment_status":"open","ping_status":"open","sticky":false,"template":"","format":"standard","meta":{"_et_pb_use_builder":"","_et_pb_old_content":"","_et_gb_content_width":""},"categories":[4,9],"tags":[],"aioseo_notices":[],"_links":{"self":[{"href":"https:\/\/www.obispado-mdp.org.ar\/a\/wp-json\/wp\/v2\/posts\/40720"}],"collection":[{"href":"https:\/\/www.obispado-mdp.org.ar\/a\/wp-json\/wp\/v2\/posts"}],"about":[{"href":"https:\/\/www.obispado-mdp.org.ar\/a\/wp-json\/wp\/v2\/types\/post"}],"author":[{"embeddable":true,"href":"https:\/\/www.obispado-mdp.org.ar\/a\/wp-json\/wp\/v2\/users\/4"}],"replies":[{"embeddable":true,"href":"https:\/\/www.obispado-mdp.org.ar\/a\/wp-json\/wp\/v2\/comments?post=40720"}],"version-history":[{"count":1,"href":"https:\/\/www.obispado-mdp.org.ar\/a\/wp-json\/wp\/v2\/posts\/40720\/revisions"}],"predecessor-version":[{"id":40727,"href":"https:\/\/www.obispado-mdp.org.ar\/a\/wp-json\/wp\/v2\/posts\/40720\/revisions\/40727"}],"wp:featuredmedia":[{"embeddable":true,"href":"https:\/\/www.obispado-mdp.org.ar\/a\/wp-json\/wp\/v2\/media\/40726"}],"wp:attachment":[{"href":"https:\/\/www.obispado-mdp.org.ar\/a\/wp-json\/wp\/v2\/media?parent=40720"}],"wp:term":[{"taxonomy":"category","embeddable":true,"href":"https:\/\/www.obispado-mdp.org.ar\/a\/wp-json\/wp\/v2\/categories?post=40720"},{"taxonomy":"post_tag","embeddable":true,"href":"https:\/\/www.obispado-mdp.org.ar\/a\/wp-json\/wp\/v2\/tags?post=40720"}],"curies":[{"name":"wp","href":"https:\/\/api.w.org\/{rel}","templated":true}]}}