{"id":40728,"date":"2023-06-28T09:26:01","date_gmt":"2023-06-28T12:26:01","guid":{"rendered":"https:\/\/www.obispado-mdp.org.ar\/a\/?p=40728"},"modified":"2023-06-29T08:02:01","modified_gmt":"2023-06-29T11:02:01","slug":"la-diocesis-peregrina-en-tierra-santa","status":"publish","type":"post","link":"https:\/\/www.obispado-mdp.org.ar\/a\/la-diocesis-peregrina-en-tierra-santa\/","title":{"rendered":"LA DIOCESIS PEREGRINA EN TIERRA SANTA."},"content":{"rendered":"\n<p class=\"has-pale-cyan-blue-background-color has-background\"><strong>Una nutrida delegaci\u00f3n integrada por miembros de distintas parroquias de la di\u00f3cesis de Mar del Plata y participan de una peregrinaci\u00f3n a Tierra Santa. <\/strong><\/p>\n\n\n\n<p>Acompa\u00f1ados por los sacerdotes Luis Alb\u00f3niga, Silvano De Sarro y Juan Pablo Arrachea, los peregrinos realizan un itinerario de visitas por los lugares emblem\u00e1ticos de la vida de Jesucristo. En actitud orante pedir\u00e1n en cada santuario por todos los fieles de la di\u00f3cesis. Les deseamos un gran viaje espiritual!<\/p>\n\n\n\n<p>Testimonio de los sacerdotes.<\/p>\n\n\n\n<figure class=\"wp-block-video\"><video controls src=\"https:\/\/www.obispado-mdp.org.ar\/a\/wp-content\/uploads\/2023\/06\/WhatsApp-Video-2023-06-28-at-08.16.51.mp4\"><\/video><\/figure>\n\n\n\n<hr class=\"wp-block-separator has-alpha-channel-opacity\"\/>\n\n\n\n<figure class=\"wp-block-image size-full\"><img loading=\"lazy\" width=\"579\" height=\"484\" src=\"https:\/\/www.obispado-mdp.org.ar\/a\/wp-content\/uploads\/2023\/06\/ts.png\" alt=\"\" class=\"wp-image-40730\"\/><\/figure>\n\n\n\n<figure class=\"wp-block-image size-large is-resized\"><img loading=\"lazy\" src=\"https:\/\/www.obispado-mdp.org.ar\/a\/wp-content\/uploads\/2023\/06\/IMG-20230628-WA0010-1024x659.jpg\" alt=\"\" class=\"wp-image-40738\" width=\"318\" height=\"205\"\/><\/figure>\n","protected":false},"excerpt":{"rendered":"<p>Una nutrida delegaci\u00f3n integrada por miembros de distintas parroquias de la di\u00f3cesis de Mar del Plata y participan de una peregrinaci\u00f3n a Tierra Santa. Acompa\u00f1ados por los sacerdotes Luis Alb\u00f3niga, Silvano De Sarro y Juan Pablo Arrachea, los peregrinos realizan un itinerario de visitas por los lugares emblem\u00e1ticos de la vida de Jesucristo. En actitud [&hellip;]<\/p>\n","protected":false},"author":4,"featured_media":40731,"comment_status":"open","ping_status":"open","sticky":false,"template":"","format":"standard","meta":{"_et_pb_use_builder":"","_et_pb_old_content":"","_et_gb_content_width":""},"categories":[4],"tags":[],"aioseo_notices":[],"_links":{"self":[{"href":"https:\/\/www.obispado-mdp.org.ar\/a\/wp-json\/wp\/v2\/posts\/40728"}],"collection":[{"href":"https:\/\/www.obispado-mdp.org.ar\/a\/wp-json\/wp\/v2\/posts"}],"about":[{"href":"https:\/\/www.obispado-mdp.org.ar\/a\/wp-json\/wp\/v2\/types\/post"}],"author":[{"embeddable":true,"href":"https:\/\/www.obispado-mdp.org.ar\/a\/wp-json\/wp\/v2\/users\/4"}],"replies":[{"embeddable":true,"href":"https:\/\/www.obispado-mdp.org.ar\/a\/wp-json\/wp\/v2\/comments?post=40728"}],"version-history":[{"count":4,"href":"https:\/\/www.obispado-mdp.org.ar\/a\/wp-json\/wp\/v2\/posts\/40728\/revisions"}],"predecessor-version":[{"id":40744,"href":"https:\/\/www.obispado-mdp.org.ar\/a\/wp-json\/wp\/v2\/posts\/40728\/revisions\/40744"}],"wp:featuredmedia":[{"embeddable":true,"href":"https:\/\/www.obispado-mdp.org.ar\/a\/wp-json\/wp\/v2\/media\/40731"}],"wp:attachment":[{"href":"https:\/\/www.obispado-mdp.org.ar\/a\/wp-json\/wp\/v2\/media?parent=40728"}],"wp:term":[{"taxonomy":"category","embeddable":true,"href":"https:\/\/www.obispado-mdp.org.ar\/a\/wp-json\/wp\/v2\/categories?post=40728"},{"taxonomy":"post_tag","embeddable":true,"href":"https:\/\/www.obispado-mdp.org.ar\/a\/wp-json\/wp\/v2\/tags?post=40728"}],"curies":[{"name":"wp","href":"https:\/\/api.w.org\/{rel}","templated":true}]}}