{"id":40733,"date":"2023-06-28T09:37:55","date_gmt":"2023-06-28T12:37:55","guid":{"rendered":"https:\/\/www.obispado-mdp.org.ar\/a\/?p=40733"},"modified":"2023-06-28T09:37:56","modified_gmt":"2023-06-28T12:37:56","slug":"tu-eres-pedro-mt-1618","status":"publish","type":"post","link":"https:\/\/www.obispado-mdp.org.ar\/a\/tu-eres-pedro-mt-1618\/","title":{"rendered":"\u201cT\u00fa eres Pedro\u201d (Mt 16,18)"},"content":{"rendered":"\n<p class=\"has-pale-cyan-blue-background-color has-background\"><em><strong>En el d\u00eda de San Pedro rezamos por toda la Iglesia, por el Papa Francisco y por nuestra Iglesia Particular de Mar del Plata caminando juntos en el anuncio alegre de la Vida en Cristo.<\/strong><\/em><\/p>\n\n\n\n<p>Este <strong><em>Jueves 29 de junio a las <\/em><\/strong><strong>18 hs. padre obispo Gabriel presidir\u00e1 las Santa Misa en la Catedral de Mar del Plata<\/strong><\/p>\n\n\n\n<p>Al t\u00e9rmino de la ceremonia el obispo impartir\u00e1 la bendici\u00f3n a los representantes de todos los espacios p<\/p>\n\n\n\n<p>La Misa ser\u00e1 transmitida por las redes del obispado.<\/p>\n\n\n\n<figure class=\"wp-block-image size-large\"><img loading=\"lazy\" width=\"724\" height=\"1024\" src=\"https:\/\/www.obispado-mdp.org.ar\/a\/wp-content\/uploads\/2023\/06\/dia-del-papa-33-724x1024.jpg\" alt=\"\" class=\"wp-image-40734\"\/><\/figure>\n","protected":false},"excerpt":{"rendered":"<p>En el d\u00eda de San Pedro rezamos por toda la Iglesia, por el Papa Francisco y por nuestra Iglesia Particular de Mar del Plata caminando juntos en el anuncio alegre de la Vida en Cristo. Este Jueves 29 de junio a las 18 hs. padre obispo Gabriel presidir\u00e1 las Santa Misa en la Catedral de [&hellip;]<\/p>\n","protected":false},"author":4,"featured_media":40735,"comment_status":"open","ping_status":"open","sticky":false,"template":"","format":"standard","meta":{"_et_pb_use_builder":"","_et_pb_old_content":"","_et_gb_content_width":""},"categories":[4,12],"tags":[],"aioseo_notices":[],"_links":{"self":[{"href":"https:\/\/www.obispado-mdp.org.ar\/a\/wp-json\/wp\/v2\/posts\/40733"}],"collection":[{"href":"https:\/\/www.obispado-mdp.org.ar\/a\/wp-json\/wp\/v2\/posts"}],"about":[{"href":"https:\/\/www.obispado-mdp.org.ar\/a\/wp-json\/wp\/v2\/types\/post"}],"author":[{"embeddable":true,"href":"https:\/\/www.obispado-mdp.org.ar\/a\/wp-json\/wp\/v2\/users\/4"}],"replies":[{"embeddable":true,"href":"https:\/\/www.obispado-mdp.org.ar\/a\/wp-json\/wp\/v2\/comments?post=40733"}],"version-history":[{"count":1,"href":"https:\/\/www.obispado-mdp.org.ar\/a\/wp-json\/wp\/v2\/posts\/40733\/revisions"}],"predecessor-version":[{"id":40736,"href":"https:\/\/www.obispado-mdp.org.ar\/a\/wp-json\/wp\/v2\/posts\/40733\/revisions\/40736"}],"wp:featuredmedia":[{"embeddable":true,"href":"https:\/\/www.obispado-mdp.org.ar\/a\/wp-json\/wp\/v2\/media\/40735"}],"wp:attachment":[{"href":"https:\/\/www.obispado-mdp.org.ar\/a\/wp-json\/wp\/v2\/media?parent=40733"}],"wp:term":[{"taxonomy":"category","embeddable":true,"href":"https:\/\/www.obispado-mdp.org.ar\/a\/wp-json\/wp\/v2\/categories?post=40733"},{"taxonomy":"post_tag","embeddable":true,"href":"https:\/\/www.obispado-mdp.org.ar\/a\/wp-json\/wp\/v2\/tags?post=40733"}],"curies":[{"name":"wp","href":"https:\/\/api.w.org\/{rel}","templated":true}]}}