{"id":40753,"date":"2023-06-29T20:30:04","date_gmt":"2023-06-29T23:30:04","guid":{"rendered":"https:\/\/www.obispado-mdp.org.ar\/a\/?p=40753"},"modified":"2023-06-29T20:30:05","modified_gmt":"2023-06-29T23:30:05","slug":"misa-de-san-pedro-en-el-dia-del-papa","status":"publish","type":"post","link":"https:\/\/www.obispado-mdp.org.ar\/a\/misa-de-san-pedro-en-el-dia-del-papa\/","title":{"rendered":"MISA DE SAN PEDRO EN EL D\u00cdA DEL PAPA."},"content":{"rendered":"\n<p class=\"has-pale-cyan-blue-background-color has-background\"><strong>Se realiz\u00f3 la Misa de la solemnidad de San Pedro y San Pablo en la Iglesia Catedral de Mar del Plata pidiendo por las intenciones del Papa Francisco.<\/strong><\/p>\n\n\n\n<p>En el d\u00eda del Santo Padre el padre obispo Gabriel Mestre presidi\u00f3 la Eucarist\u00eda en la Iglesia Catedral de Mar del Plata junto a los obispos Monse\u00f1or Jorge Lugones, Obispo de Lomas de Zamora y presidente de la Comisi\u00f3n Episcopal de Pastoral Social. Los obispos integrantes de la Comisi\u00f3n de Semana Social: Monse\u00f1or Jorge Eduardo Sheinig, Arzobispo de Mercedes-Lujan; Monse\u00f1or Pedro Laxague, Obispo de Zarate-Campana; Monse\u00f1or Jos\u00e9 D\u00edaz, Obispo de Concepci\u00f3n; Monse\u00f1or Dante Braida, Obispo de La Rioja; Monse\u00f1or Enrique Mart\u00ednez Ossola, Obispo Auxiliar de Santiago del Estero y Monse\u00f1or Ernesto Giobando, Obispo Auxiliar de Buenos Aires<\/p>\n\n\n\n<p>Tambi\u00e9n estuvieron presentes en la solemnidad de San Pedro los sacerdotes de la di\u00f3cesis junto a una numerosa feligres\u00eda.<\/p>\n\n\n\n<p><strong>Homil\u00eda<\/strong><\/p>\n\n\n\n<p>El obispo en su homil\u00eda destac\u00f3 tres palabras: Unidad, Poliedro, Enamorado.<\/p>\n\n\n\n<p>\u00abPrimero, celebramos nuestro v\u00ednculo en la fe y en la <strong>unidad <\/strong>del Pap\u00e1 Francisco en esta celebraci\u00f3n de San Pedro, comenz\u00f3 destacando Mons Mestre. La unidad en este tiempo de fragmentaci\u00f3n es una pr\u00e9dica constante de la Iglesia pastoreada por Francisco.<\/p>\n\n\n\n<p><strong>Poliedro.<\/strong> Tomo est\u00e1 palabra del Pap\u00e1 para expresar los distintos lados y modos que hablan de la diversidad de nuestra Iglesia pero siempre en la unidad. La vivencia de Pedro y Pablo es un testimonio de convivencia de la diversidad en la unidad, para evitar caer en los uniformismo, que no es cat\u00f3lica ni fiel a la tradici\u00f3n de la misma Iglesia. No tengamos miedo a las diferencias, pero trabajemos la unidad aceptando la diversidad.<\/p>\n\n\n\n<p>En el tercer punto <strong>enamorados<\/strong>. Tomo de la homil\u00eda del Pap\u00e1 d\u00f3nde expresa del enamoramiento de Cristo que genera la unidad del poliedro. El encuentro con Cristo no se negocia, porque expresa la unidad.<\/p>\n\n\n\n<p>Por eso todos los que tenemos ahora un liderazgo en la di\u00f3cesis debemos compart\u00ed este enamoramiento de Cristo y con Cristo como garant\u00eda de unidad en la diversidad al servicio del mundo y de la historia\u00bb.<\/p>\n\n\n\n<p>El obispo finaliz\u00f3 su homil\u00eda agradeciendo la presencia de los obispos que est\u00e1n en Mar del Plata para participar de la Semana Social.<\/p>\n\n\n\n<figure class=\"wp-container-2 wp-block-gallery-1 wp-block-gallery has-nested-images columns-default is-cropped\">\n<figure class=\"wp-block-image size-large\"><img loading=\"lazy\" width=\"1024\" height=\"768\" data-id=\"40756\"  src=\"https:\/\/www.obispado-mdp.org.ar\/a\/wp-content\/uploads\/2023\/06\/03b82ab1-c447-4c9e-afbc-7eb44b68abf5-1024x768.jpg\" alt=\"\" class=\"wp-image-40756\"\/><\/figure>\n\n\n\n<figure class=\"wp-block-image size-large\"><img loading=\"lazy\" width=\"1024\" height=\"768\" data-id=\"40760\"  src=\"https:\/\/www.obispado-mdp.org.ar\/a\/wp-content\/uploads\/2023\/06\/6e12f02e-8443-44b1-bb72-84c866798f60-1024x768.jpg\" alt=\"\" class=\"wp-image-40760\"\/><\/figure>\n\n\n\n<figure class=\"wp-block-image size-large\"><img loading=\"lazy\" width=\"1024\" height=\"472\" data-id=\"40754\"  src=\"https:\/\/www.obispado-mdp.org.ar\/a\/wp-content\/uploads\/2023\/06\/38b71044-400f-4c14-b64f-9172ae88eddb-1-1024x472.jpg\" alt=\"\" class=\"wp-image-40754\"\/><\/figure>\n\n\n\n<figure class=\"wp-block-image size-large\"><img loading=\"lazy\" width=\"1024\" height=\"768\" data-id=\"40759\"  src=\"https:\/\/www.obispado-mdp.org.ar\/a\/wp-content\/uploads\/2023\/06\/9157aee7-d4d7-473f-b6c6-f249c758fb74-1024x768.jpg\" alt=\"\" class=\"wp-image-40759\"\/><\/figure>\n\n\n\n<figure class=\"wp-block-image size-large\"><img loading=\"lazy\" width=\"1024\" height=\"768\" data-id=\"40758\"  src=\"https:\/\/www.obispado-mdp.org.ar\/a\/wp-content\/uploads\/2023\/06\/058116bb-dbfb-4457-8423-ef91afbc5510-1024x768.jpg\" alt=\"\" class=\"wp-image-40758\"\/><\/figure>\n\n\n\n<figure class=\"wp-block-image size-large\"><img loading=\"lazy\" width=\"1024\" height=\"768\" data-id=\"40757\"  src=\"https:\/\/www.obispado-mdp.org.ar\/a\/wp-content\/uploads\/2023\/06\/b6b233c8-f065-4068-b348-63d64b92fbf7-1024x768.jpg\" alt=\"\" class=\"wp-image-40757\"\/><\/figure>\n\n\n\n<figure class=\"wp-block-image size-large\"><img loading=\"lazy\" width=\"1024\" height=\"623\" data-id=\"40755\"  src=\"https:\/\/www.obispado-mdp.org.ar\/a\/wp-content\/uploads\/2023\/06\/be4b4c41-2972-4eb8-8088-28f64db69881-1024x623.jpg\" alt=\"\" class=\"wp-image-40755\"\/><\/figure>\n<\/figure>\n","protected":false},"excerpt":{"rendered":"<p>Se realiz\u00f3 la Misa de la solemnidad de San Pedro y San Pablo en la Iglesia Catedral de Mar del Plata pidiendo por las intenciones del Papa Francisco. En el d\u00eda del Santo Padre el padre obispo Gabriel Mestre presidi\u00f3 la Eucarist\u00eda en la Iglesia Catedral de Mar del Plata junto a los obispos Monse\u00f1or [&hellip;]<\/p>\n","protected":false},"author":4,"featured_media":40761,"comment_status":"open","ping_status":"open","sticky":false,"template":"","format":"standard","meta":{"_et_pb_use_builder":"","_et_pb_old_content":"","_et_gb_content_width":""},"categories":[3,4],"tags":[],"aioseo_notices":[],"_links":{"self":[{"href":"https:\/\/www.obispado-mdp.org.ar\/a\/wp-json\/wp\/v2\/posts\/40753"}],"collection":[{"href":"https:\/\/www.obispado-mdp.org.ar\/a\/wp-json\/wp\/v2\/posts"}],"about":[{"href":"https:\/\/www.obispado-mdp.org.ar\/a\/wp-json\/wp\/v2\/types\/post"}],"author":[{"embeddable":true,"href":"https:\/\/www.obispado-mdp.org.ar\/a\/wp-json\/wp\/v2\/users\/4"}],"replies":[{"embeddable":true,"href":"https:\/\/www.obispado-mdp.org.ar\/a\/wp-json\/wp\/v2\/comments?post=40753"}],"version-history":[{"count":1,"href":"https:\/\/www.obispado-mdp.org.ar\/a\/wp-json\/wp\/v2\/posts\/40753\/revisions"}],"predecessor-version":[{"id":40762,"href":"https:\/\/www.obispado-mdp.org.ar\/a\/wp-json\/wp\/v2\/posts\/40753\/revisions\/40762"}],"wp:featuredmedia":[{"embeddable":true,"href":"https:\/\/www.obispado-mdp.org.ar\/a\/wp-json\/wp\/v2\/media\/40761"}],"wp:attachment":[{"href":"https:\/\/www.obispado-mdp.org.ar\/a\/wp-json\/wp\/v2\/media?parent=40753"}],"wp:term":[{"taxonomy":"category","embeddable":true,"href":"https:\/\/www.obispado-mdp.org.ar\/a\/wp-json\/wp\/v2\/categories?post=40753"},{"taxonomy":"post_tag","embeddable":true,"href":"https:\/\/www.obispado-mdp.org.ar\/a\/wp-json\/wp\/v2\/tags?post=40753"}],"curies":[{"name":"wp","href":"https:\/\/api.w.org\/{rel}","templated":true}]}}