{"id":40773,"date":"2023-07-01T09:35:55","date_gmt":"2023-07-01T12:35:55","guid":{"rendered":"https:\/\/www.obispado-mdp.org.ar\/a\/?p=40773"},"modified":"2023-07-01T09:38:00","modified_gmt":"2023-07-01T12:38:00","slug":"noche-de-la-caridad-invierno-2023","status":"publish","type":"post","link":"https:\/\/www.obispado-mdp.org.ar\/a\/noche-de-la-caridad-invierno-2023\/","title":{"rendered":"NOCHE DE LA CARIDAD-INVIERNO 2023."},"content":{"rendered":"\n<p class=\"has-pale-cyan-blue-background-color has-background\"><strong>Comunicado de la campa\u00f1a de Invierno de la Noche de la Caridad de la Diocesis de Mar del Plata. <\/strong><\/p>\n\n\n\n<p>&nbsp;Queremos compartir el trabajo de este \u00faltimo tiempo para afrontar el crudo invierno marplatense. Seguimos como hace casi 22 a\u00f1os saliendo al encuentro de nuestros hermanos en situaci\u00f3n de calle todos los d\u00edas.&nbsp; Siempre llevamos una vianda de comida caliente, abrigo cuando se puede y por sobre todo el coraz\u00f3n y el o\u00eddo abiertos para escuchar sus necesidades.&nbsp; Estamos tambi\u00e9n pagando el alojamiento en hoteles de algunos hermanos y hermanas que por su condici\u00f3n f\u00edsica no pueden permanecer en la calle.<\/p>\n\n\n\n<p>Como muchos saben, en el a\u00f1o 2021, como resultado de la pandemia hab\u00eda muchos hoteles cerrados en la ciudad y tuvimos la posibilidad de alquiler instalaciones para alojar durante el invierno a 120 hermanos, esto gracias al aporte de muchas personas solidarias.<\/p>\n\n\n\n<p>Ahora, hemos recibido en custodia por 180 d\u00edas un inmueble cuya tenencia estaba judicializada.&nbsp; Estamos abocados a la tarea de ponerlo en condiciones dignas para recibir entre 10 y 15 hermanos en situaci\u00f3n de calle. No tenemos lugar para m\u00e1s ya que solo podemos habilitar dos salones de la planta baja.&nbsp; Priorizaremos a los hermanos que est\u00e1n m\u00e1s vulnerables entre todos, ya sea por su edad o por su salud. Mediante el trabajo de distintos profesionales, t\u00e9cnicos y trabajadores, todos voluntarios, se est\u00e1 avanzando no tan r\u00e1pido como hubi\u00e9semos querido, pero ya prontos a poder abrir. Estamos haciendo todo lo posible para que cuanto antes podamos dar abrigo. <strong>Ni bien tengamos a nuestros hermanos alojados informaremos oficialmente la apertura<\/strong>.&nbsp;<\/p>\n\n\n\n<p>Se recibieron donaciones y\/o pr\u00e9stamos de un Equipo generador de electricidad para poder avanzar con los trabajos (todav\u00eda no tenemos luz), caloventores, camas cucheta, colchones y Termotanque el\u00e9ctrico.&nbsp; <strong>Seguimos necesitando frazadas, ropa de cama, toallas, ropa de abrigo para hombre, ropa interior y elementos de higiene personal.<\/strong><\/p>\n\n\n\n<p>Para los que puedan colaborar, tenemos una cuenta en el BBVA, que est\u00e1 a nombre del Obispado de Mar del Plata, utilizada \u00fanicamente para este fin donde recibimos los aportes.<\/p>\n\n\n\n<p>La calle no es un lugar para vivir, hagamos entre todos posible para que en este invierno m\u00e1s hermanos duerman bajo techo.<\/p>\n\n\n\n<p><strong>Cuenta corriente BBVA 239-88796<\/strong><\/p>\n\n\n\n<p><strong>Alias: MUELLE.DIOS.TRIBU<\/strong><\/p>\n\n\n\n<p><strong>CBU: 0170239420000000887962<\/strong><\/p>\n\n\n\n<p><strong>CUIT: 30-54233755-5<\/strong><strong><\/strong><\/p>\n\n\n\n<p><strong><u>Contactos:<\/u><\/strong><\/p>\n\n\n\n<p>Padre H\u00e9ctor Diaz (Chobi) 2262-534789<\/p>\n\n\n\n<p>Maria Cristina Churio 223-4556882<\/p>\n\n\n\n<p>Olga Paravizini 223-5767664&nbsp;&nbsp;&nbsp;&nbsp;&nbsp;&nbsp;&nbsp;&nbsp;&nbsp;&nbsp;&nbsp;&nbsp;&nbsp;&nbsp;&nbsp;<\/p>\n\n\n\n<p>Carlos Uhart 223-5039407<\/p>\n\n\n\n<p>Mar del Plata, 1 de julio de 2023.<\/p>\n\n\n\n<figure class=\"wp-block-image size-full\"><img loading=\"lazy\" width=\"919\" height=\"493\" src=\"https:\/\/www.obispado-mdp.org.ar\/a\/wp-content\/uploads\/2023\/07\/noche-de-la-caridad.png\" alt=\"\" class=\"wp-image-40774\"\/><\/figure>\n","protected":false},"excerpt":{"rendered":"<p>Comunicado de la campa\u00f1a de Invierno de la Noche de la Caridad de la Diocesis de Mar del Plata. &nbsp;Queremos compartir el trabajo de este \u00faltimo tiempo para afrontar el crudo invierno marplatense. Seguimos como hace casi 22 a\u00f1os saliendo al encuentro de nuestros hermanos en situaci\u00f3n de calle todos los d\u00edas.&nbsp; Siempre llevamos una [&hellip;]<\/p>\n","protected":false},"author":4,"featured_media":40777,"comment_status":"open","ping_status":"open","sticky":false,"template":"","format":"standard","meta":{"_et_pb_use_builder":"","_et_pb_old_content":"","_et_gb_content_width":""},"categories":[4,11],"tags":[],"aioseo_notices":[],"_links":{"self":[{"href":"https:\/\/www.obispado-mdp.org.ar\/a\/wp-json\/wp\/v2\/posts\/40773"}],"collection":[{"href":"https:\/\/www.obispado-mdp.org.ar\/a\/wp-json\/wp\/v2\/posts"}],"about":[{"href":"https:\/\/www.obispado-mdp.org.ar\/a\/wp-json\/wp\/v2\/types\/post"}],"author":[{"embeddable":true,"href":"https:\/\/www.obispado-mdp.org.ar\/a\/wp-json\/wp\/v2\/users\/4"}],"replies":[{"embeddable":true,"href":"https:\/\/www.obispado-mdp.org.ar\/a\/wp-json\/wp\/v2\/comments?post=40773"}],"version-history":[{"count":1,"href":"https:\/\/www.obispado-mdp.org.ar\/a\/wp-json\/wp\/v2\/posts\/40773\/revisions"}],"predecessor-version":[{"id":40776,"href":"https:\/\/www.obispado-mdp.org.ar\/a\/wp-json\/wp\/v2\/posts\/40773\/revisions\/40776"}],"wp:featuredmedia":[{"embeddable":true,"href":"https:\/\/www.obispado-mdp.org.ar\/a\/wp-json\/wp\/v2\/media\/40777"}],"wp:attachment":[{"href":"https:\/\/www.obispado-mdp.org.ar\/a\/wp-json\/wp\/v2\/media?parent=40773"}],"wp:term":[{"taxonomy":"category","embeddable":true,"href":"https:\/\/www.obispado-mdp.org.ar\/a\/wp-json\/wp\/v2\/categories?post=40773"},{"taxonomy":"post_tag","embeddable":true,"href":"https:\/\/www.obispado-mdp.org.ar\/a\/wp-json\/wp\/v2\/tags?post=40773"}],"curies":[{"name":"wp","href":"https:\/\/api.w.org\/{rel}","templated":true}]}}