{"id":40780,"date":"2023-07-01T11:48:26","date_gmt":"2023-07-01T14:48:26","guid":{"rendered":"https:\/\/www.obispado-mdp.org.ar\/a\/?p=40780"},"modified":"2023-07-01T11:49:44","modified_gmt":"2023-07-01T14:49:44","slug":"nensaje-del-obispo-mestre-a-mo-s-fernandez","status":"publish","type":"post","link":"https:\/\/www.obispado-mdp.org.ar\/a\/nensaje-del-obispo-mestre-a-mo-s-fernandez\/","title":{"rendered":"MENSAJE DEL OBISPO MESTRE A MONS. FERNANDEZ"},"content":{"rendered":"\n<p>El padre Obispo Gabriel Mestre expres\u00f3 su personal y c\u00e1lido saludo a Mons. Victor Fern\u00e1ndez en nombre de toda la di\u00f3cesis por el nombramiento y la nueva misi\u00f3n que el Papa Francisco le encomienda.<br>Permanecemos en oraci\u00f3n por su nuevo desaf\u00edo en la certeza de que su entrega y dedicaci\u00f3n nos har\u00e1 profundizar nuestra fe y compromiso con Dios y la Iglesia al servicio del mundo.<\/p>\n\n\n\n<figure class=\"wp-block-image size-large\"><img loading=\"lazy\" width=\"682\" height=\"1024\" src=\"https:\/\/www.obispado-mdp.org.ar\/a\/wp-content\/uploads\/2023\/07\/IMG-20230701-WA0000-1-682x1024.jpg\" alt=\"\" class=\"wp-image-40781\"\/><\/figure>\n","protected":false},"excerpt":{"rendered":"<p>El padre Obispo Gabriel Mestre expres\u00f3 su personal y c\u00e1lido saludo a Mons. Victor Fern\u00e1ndez en nombre de toda la di\u00f3cesis por el nombramiento y la nueva misi\u00f3n que el Papa Francisco le encomienda.Permanecemos en oraci\u00f3n por su nuevo desaf\u00edo en la certeza de que su entrega y dedicaci\u00f3n nos har\u00e1 profundizar nuestra fe y [&hellip;]<\/p>\n","protected":false},"author":4,"featured_media":40782,"comment_status":"open","ping_status":"open","sticky":false,"template":"","format":"standard","meta":{"_et_pb_use_builder":"","_et_pb_old_content":"","_et_gb_content_width":""},"categories":[3,4],"tags":[],"aioseo_notices":[],"_links":{"self":[{"href":"https:\/\/www.obispado-mdp.org.ar\/a\/wp-json\/wp\/v2\/posts\/40780"}],"collection":[{"href":"https:\/\/www.obispado-mdp.org.ar\/a\/wp-json\/wp\/v2\/posts"}],"about":[{"href":"https:\/\/www.obispado-mdp.org.ar\/a\/wp-json\/wp\/v2\/types\/post"}],"author":[{"embeddable":true,"href":"https:\/\/www.obispado-mdp.org.ar\/a\/wp-json\/wp\/v2\/users\/4"}],"replies":[{"embeddable":true,"href":"https:\/\/www.obispado-mdp.org.ar\/a\/wp-json\/wp\/v2\/comments?post=40780"}],"version-history":[{"count":2,"href":"https:\/\/www.obispado-mdp.org.ar\/a\/wp-json\/wp\/v2\/posts\/40780\/revisions"}],"predecessor-version":[{"id":40784,"href":"https:\/\/www.obispado-mdp.org.ar\/a\/wp-json\/wp\/v2\/posts\/40780\/revisions\/40784"}],"wp:featuredmedia":[{"embeddable":true,"href":"https:\/\/www.obispado-mdp.org.ar\/a\/wp-json\/wp\/v2\/media\/40782"}],"wp:attachment":[{"href":"https:\/\/www.obispado-mdp.org.ar\/a\/wp-json\/wp\/v2\/media?parent=40780"}],"wp:term":[{"taxonomy":"category","embeddable":true,"href":"https:\/\/www.obispado-mdp.org.ar\/a\/wp-json\/wp\/v2\/categories?post=40780"},{"taxonomy":"post_tag","embeddable":true,"href":"https:\/\/www.obispado-mdp.org.ar\/a\/wp-json\/wp\/v2\/tags?post=40780"}],"curies":[{"name":"wp","href":"https:\/\/api.w.org\/{rel}","templated":true}]}}