{"id":40785,"date":"2023-07-01T21:41:01","date_gmt":"2023-07-02T00:41:01","guid":{"rendered":"https:\/\/www.obispado-mdp.org.ar\/a\/?p=40785"},"modified":"2023-07-01T21:43:55","modified_gmt":"2023-07-02T00:43:55","slug":"misa-por-los-40-anos-de-la-democracia-y-10-anos-de-francisco","status":"publish","type":"post","link":"https:\/\/www.obispado-mdp.org.ar\/a\/misa-por-los-40-anos-de-la-democracia-y-10-anos-de-francisco\/","title":{"rendered":"MISA POR LOS 40 A\u00d1OS DE LA DEMOCRACIA Y 10 A\u00d1OS DE FRANCISCO."},"content":{"rendered":"\n<p class=\"has-pale-cyan-blue-background-color has-background\"><strong>Se realiz\u00f3 la Santa Misa de la Semana Social d\u00f3nde el padre obispo Gabriel Mestre presidi\u00f3 la Eucarist\u00eda junto a los obispos que participan de esta jornada de reflexi\u00f3n a 40 a\u00f1os de la democracia y 10 a\u00f1os de Francisco.<\/strong><\/p>\n\n\n\n<p>En su homil\u00eda el obispo Mestre comparti\u00f3 su reflexi\u00f3n en tres puntos:<br>Recalculando<br>Cruz<br>Peque\u00f1os<\/p>\n\n\n\n<p>\u00abLa palabra recalculando la tomo de una interpretaci\u00f3n de la lectura del d\u00eda, donde el Se\u00f1or nos pide que pongamos a Dios en la primera escala de valores. Poner a Dios en primer lugar y desde Dios ordenar toda nuestra vida y relaciones. Francisco, en 10 a\u00f1os, puso en el centro de su papado valores esenciales que no se negocian, as\u00ed debemos hacer todos para cuidar y defender nuestra democracia.<br>La Cruz es un compromiso con el Evangelio como parte del horizonte de nuestra vida. No es una propuesta de espiritualidad masoquista, sino que la cruz es redentora, porque la cruz nos salva. La cuz de la pobreza y del dolor deben ser parte de nuestra redenci\u00f3n porque la cruz nos rescata.<br>Peque\u00f1os. Jes\u00fas marca con claridad que El recompensar\u00e1 a los peque\u00f1os, que no son solo los ni\u00f1os y ni\u00f1as, sino todos los vulnerables, los pobres y los que sufren. Francisco nos invita siempre a poner el foco en estos peque\u00f1os, para que podamos hacernos cargo de ellos y tambi\u00e9n puedan ser parte de la comunidad. Tenemos una deuda con los pobres, los marginados y los vulnerables. En 40 a\u00f1os de democracia todos los dirigentes debemos dejarnos interpelar por esta realidad en clave de esperanza y amor\u00bb.<br>Al t\u00e9rmino de la ceremonia los obispos bendijeron a los presentes y sus familiares.<br>Rezaron a la Virgen y vivaron al Pap\u00e1 Francisco.<\/p>\n\n\n\n<figure class=\"wp-container-2 wp-block-gallery-1 wp-block-gallery has-nested-images columns-default is-cropped\">\n<figure class=\"wp-block-image size-large\"><img loading=\"lazy\" width=\"1024\" height=\"768\" data-id=\"40786\"  src=\"https:\/\/www.obispado-mdp.org.ar\/a\/wp-content\/uploads\/2023\/07\/IMG_20230701_202121-1024x768.jpg\" alt=\"\" class=\"wp-image-40786\"\/><\/figure>\n\n\n\n<figure class=\"wp-block-image size-large\"><img loading=\"lazy\" width=\"1024\" height=\"768\" data-id=\"40787\"  src=\"https:\/\/www.obispado-mdp.org.ar\/a\/wp-content\/uploads\/2023\/07\/IMG_20230701_200944-1024x768.jpg\" alt=\"\" class=\"wp-image-40787\"\/><\/figure>\n\n\n\n<figure class=\"wp-block-image size-large\"><img loading=\"lazy\" width=\"1024\" height=\"768\" data-id=\"40789\"  src=\"https:\/\/www.obispado-mdp.org.ar\/a\/wp-content\/uploads\/2023\/07\/IMG_20230701_200931-1024x768.jpg\" alt=\"\" class=\"wp-image-40789\"\/><\/figure>\n\n\n\n<figure class=\"wp-block-image size-large\"><img loading=\"lazy\" width=\"1024\" height=\"768\" data-id=\"40790\"  src=\"https:\/\/www.obispado-mdp.org.ar\/a\/wp-content\/uploads\/2023\/07\/IMG_20230701_200900-1024x768.jpg\" alt=\"\" class=\"wp-image-40790\"\/><\/figure>\n\n\n\n<figure class=\"wp-block-image size-large\"><img loading=\"lazy\" width=\"1024\" height=\"768\" data-id=\"40788\"  src=\"https:\/\/www.obispado-mdp.org.ar\/a\/wp-content\/uploads\/2023\/07\/IMG_20230701_200438-1024x768.jpg\" alt=\"\" class=\"wp-image-40788\"\/><\/figure>\n<\/figure>\n","protected":false},"excerpt":{"rendered":"<p>Se realiz\u00f3 la Santa Misa de la Semana Social d\u00f3nde el padre obispo Gabriel Mestre presidi\u00f3 la Eucarist\u00eda junto a los obispos que participan de esta jornada de reflexi\u00f3n a 40 a\u00f1os de la democracia y 10 a\u00f1os de Francisco. En su homil\u00eda el obispo Mestre comparti\u00f3 su reflexi\u00f3n en tres puntos:RecalculandoCruzPeque\u00f1os \u00abLa palabra recalculando [&hellip;]<\/p>\n","protected":false},"author":4,"featured_media":40794,"comment_status":"open","ping_status":"open","sticky":false,"template":"","format":"standard","meta":{"_et_pb_use_builder":"","_et_pb_old_content":"","_et_gb_content_width":""},"categories":[3,4],"tags":[],"aioseo_notices":[],"_links":{"self":[{"href":"https:\/\/www.obispado-mdp.org.ar\/a\/wp-json\/wp\/v2\/posts\/40785"}],"collection":[{"href":"https:\/\/www.obispado-mdp.org.ar\/a\/wp-json\/wp\/v2\/posts"}],"about":[{"href":"https:\/\/www.obispado-mdp.org.ar\/a\/wp-json\/wp\/v2\/types\/post"}],"author":[{"embeddable":true,"href":"https:\/\/www.obispado-mdp.org.ar\/a\/wp-json\/wp\/v2\/users\/4"}],"replies":[{"embeddable":true,"href":"https:\/\/www.obispado-mdp.org.ar\/a\/wp-json\/wp\/v2\/comments?post=40785"}],"version-history":[{"count":1,"href":"https:\/\/www.obispado-mdp.org.ar\/a\/wp-json\/wp\/v2\/posts\/40785\/revisions"}],"predecessor-version":[{"id":40792,"href":"https:\/\/www.obispado-mdp.org.ar\/a\/wp-json\/wp\/v2\/posts\/40785\/revisions\/40792"}],"wp:featuredmedia":[{"embeddable":true,"href":"https:\/\/www.obispado-mdp.org.ar\/a\/wp-json\/wp\/v2\/media\/40794"}],"wp:attachment":[{"href":"https:\/\/www.obispado-mdp.org.ar\/a\/wp-json\/wp\/v2\/media?parent=40785"}],"wp:term":[{"taxonomy":"category","embeddable":true,"href":"https:\/\/www.obispado-mdp.org.ar\/a\/wp-json\/wp\/v2\/categories?post=40785"},{"taxonomy":"post_tag","embeddable":true,"href":"https:\/\/www.obispado-mdp.org.ar\/a\/wp-json\/wp\/v2\/tags?post=40785"}],"curies":[{"name":"wp","href":"https:\/\/api.w.org\/{rel}","templated":true}]}}