{"id":40796,"date":"2023-09-02T18:30:00","date_gmt":"2023-09-02T21:30:00","guid":{"rendered":"https:\/\/www.obispado-mdp.org.ar\/a\/?p=40796"},"modified":"2023-07-02T10:26:55","modified_gmt":"2023-07-02T13:26:55","slug":"evangelio-segun-san-mateo-1621-27","status":"publish","type":"post","link":"https:\/\/www.obispado-mdp.org.ar\/a\/evangelio-segun-san-mateo-1621-27\/","title":{"rendered":"Evangelio seg\u00fan San\u00a0Mateo\u00a016,21-27."},"content":{"rendered":"\n<p>Desde aquel d\u00eda, Jes\u00fas comenz\u00f3 a anunciar a sus disc\u00edpulos que deb\u00eda ir a Jerusal\u00e9n, y sufrir mucho de parte de los ancianos, de los sumos sacerdotes y de los escribas; que deb\u00eda ser condenado a muerte y resucitar al tercer d\u00eda.<br>Pedro lo llev\u00f3 aparte y comenz\u00f3 a reprenderlo, diciendo: \u00abDios no lo permita, Se\u00f1or, eso no suceder\u00e1\u00bb.<br>Pero \u00e9l, d\u00e1ndose vuelta, dijo a Pedro: \u00ab\u00a1Ret\u00edrate, ve detr\u00e1s de m\u00ed, Satan\u00e1s! T\u00fa eres para m\u00ed un obst\u00e1culo, porque tus pensamientos no son los de Dios, sino los de los hombres\u00bb.<br>Entonces Jes\u00fas dijo a sus disc\u00edpulos: \u00abEl que quiera venir detr\u00e1s de m\u00ed, que renuncie a s\u00ed mismo, que cargue con su cruz y me siga.<br>Porque el que quiera salvar su vida, la perder\u00e1; y el que pierda su vida a causa de m\u00ed, la encontrar\u00e1.<br>\u00bfDe qu\u00e9 le servir\u00e1 al hombre ganar el mundo entero si pierde su vida? \u00bfY qu\u00e9 podr\u00e1 dar el hombre a cambio de su vida?<br>Porque el Hijo del hombre vendr\u00e1 en la gloria de su Padre, rodeado de sus \u00e1ngeles, y entonces pagar\u00e1 a cada uno de acuerdo con sus obras.<\/p>\n\n\n\n<p class=\"has-text-align-right\"><em>Extra\u00eddo de la Biblia: Libro del Pueblo de Dios. <\/em><\/p>\n","protected":false},"excerpt":{"rendered":"<p>Desde aquel d\u00eda, Jes\u00fas comenz\u00f3 a anunciar a sus disc\u00edpulos que deb\u00eda ir a Jerusal\u00e9n, y sufrir mucho de parte de los ancianos, de los sumos sacerdotes y de los escribas; que deb\u00eda ser condenado a muerte y resucitar al tercer d\u00eda.Pedro lo llev\u00f3 aparte y comenz\u00f3 a reprenderlo, diciendo: \u00abDios no lo permita, Se\u00f1or, [&hellip;]<\/p>\n","protected":false},"author":3,"featured_media":31456,"comment_status":"open","ping_status":"closed","sticky":false,"template":"","format":"standard","meta":{"_et_pb_use_builder":"off","_et_pb_old_content":"<!-- wp:paragraph -->\n<p> Al atardecer de ese mismo d\u00eda, el primero de la semana, estando cerradas las puertas del lugar donde se encontraban los disc\u00edpulos, por temor a los jud\u00edos, lleg\u00f3 Jes\u00fas y poni\u00e9ndose en medio de ellos, les dijo: \"\u00a1La paz est\u00e9 con ustedes!\".<br>Mientras dec\u00eda esto, les mostr\u00f3 sus manos y su costado. Los disc\u00edpulos se llenaron de alegr\u00eda cuando vieron al Se\u00f1or.<br>Jes\u00fas les dijo de nuevo: \"\u00a1La paz est\u00e9 con ustedes! Como el Padre me envi\u00f3 a m\u00ed, yo tambi\u00e9n los env\u00edo a ustedes\".<br>Al decirles esto, sopl\u00f3 sobre ellos y a\u00f1adi\u00f3: \"Reciban el Esp\u00edritu Santo.<br>Los pecados ser\u00e1n perdonados a los que ustedes se los perdonen, y ser\u00e1n retenidos a los que ustedes se los retengan\". <\/p>\n<!-- \/wp:paragraph -->\n\n<!-- wp:paragraph {\"align\":\"right\"} -->\n<p class=\"has-text-align-right\"><em>Extra\u00eddo de la Biblia: Libro del Pueblo de Dios. <\/em><\/p>\n<!-- \/wp:paragraph -->","_et_gb_content_width":""},"categories":[6],"tags":[],"aioseo_notices":[],"_links":{"self":[{"href":"https:\/\/www.obispado-mdp.org.ar\/a\/wp-json\/wp\/v2\/posts\/40796"}],"collection":[{"href":"https:\/\/www.obispado-mdp.org.ar\/a\/wp-json\/wp\/v2\/posts"}],"about":[{"href":"https:\/\/www.obispado-mdp.org.ar\/a\/wp-json\/wp\/v2\/types\/post"}],"author":[{"embeddable":true,"href":"https:\/\/www.obispado-mdp.org.ar\/a\/wp-json\/wp\/v2\/users\/3"}],"replies":[{"embeddable":true,"href":"https:\/\/www.obispado-mdp.org.ar\/a\/wp-json\/wp\/v2\/comments?post=40796"}],"version-history":[{"count":1,"href":"https:\/\/www.obispado-mdp.org.ar\/a\/wp-json\/wp\/v2\/posts\/40796\/revisions"}],"predecessor-version":[{"id":40797,"href":"https:\/\/www.obispado-mdp.org.ar\/a\/wp-json\/wp\/v2\/posts\/40796\/revisions\/40797"}],"wp:featuredmedia":[{"embeddable":true,"href":"https:\/\/www.obispado-mdp.org.ar\/a\/wp-json\/wp\/v2\/media\/31456"}],"wp:attachment":[{"href":"https:\/\/www.obispado-mdp.org.ar\/a\/wp-json\/wp\/v2\/media?parent=40796"}],"wp:term":[{"taxonomy":"category","embeddable":true,"href":"https:\/\/www.obispado-mdp.org.ar\/a\/wp-json\/wp\/v2\/categories?post=40796"},{"taxonomy":"post_tag","embeddable":true,"href":"https:\/\/www.obispado-mdp.org.ar\/a\/wp-json\/wp\/v2\/tags?post=40796"}],"curies":[{"name":"wp","href":"https:\/\/api.w.org\/{rel}","templated":true}]}}