{"id":40800,"date":"2023-09-04T18:30:00","date_gmt":"2023-09-04T21:30:00","guid":{"rendered":"https:\/\/www.obispado-mdp.org.ar\/a\/?p=40800"},"modified":"2023-07-02T10:32:46","modified_gmt":"2023-07-02T13:32:46","slug":"evangelio-segun-san-lucas-431-37-3","status":"publish","type":"post","link":"https:\/\/www.obispado-mdp.org.ar\/a\/evangelio-segun-san-lucas-431-37-3\/","title":{"rendered":"Evangelio seg\u00fan San\u00a0Lucas\u00a04,31-37."},"content":{"rendered":"\n<p>Jes\u00fas baj\u00f3 a Cafarna\u00fan, ciudad de Galilea, y ense\u00f1aba los s\u00e1bados.<br>Y todos estaban asombrados de su ense\u00f1anza, porque hablaba con autoridad.<br>En la sinagoga hab\u00eda un hombre que estaba pose\u00eddo por el esp\u00edritu de un demonio impuro; y comenz\u00f3 a gritar con fuerza;<br>\u00ab\u00bfQu\u00e9 quieres de nosotros, Jes\u00fas Nazareno? \u00bfHas venido para acabar con nosotros? Ya s\u00e9 qui\u00e9n eres: el Santo de Dios\u00bb.<br>Pero Jes\u00fas lo increp\u00f3, diciendo: \u00abC\u00e1llate y sal de este hombre\u00bb. El demonio sali\u00f3 de \u00e9l, arroj\u00e1ndolo al suelo en medio de todos, sin hacerle ning\u00fan da\u00f1o.<br>El temor se apoder\u00f3 de todos, y se dec\u00edan unos a otros: \u00ab\u00bfQu\u00e9 tiene su palabra? \u00a1Manda con autoridad y poder a los esp\u00edritus impuros, y ellos salen!\u00bb.<br>Y su fama se extend\u00eda por todas partes en aquella regi\u00f3n.<\/p>\n\n\n\n<p class=\"has-text-align-right\"><em>Extra\u00eddo de la Biblia: Libro del Pueblo de Dios. <\/em><\/p>\n","protected":false},"excerpt":{"rendered":"<p>Jes\u00fas baj\u00f3 a Cafarna\u00fan, ciudad de Galilea, y ense\u00f1aba los s\u00e1bados.Y todos estaban asombrados de su ense\u00f1anza, porque hablaba con autoridad.En la sinagoga hab\u00eda un hombre que estaba pose\u00eddo por el esp\u00edritu de un demonio impuro; y comenz\u00f3 a gritar con fuerza;\u00ab\u00bfQu\u00e9 quieres de nosotros, Jes\u00fas Nazareno? \u00bfHas venido para acabar con nosotros? Ya s\u00e9 [&hellip;]<\/p>\n","protected":false},"author":3,"featured_media":31452,"comment_status":"open","ping_status":"closed","sticky":false,"template":"","format":"standard","meta":{"_et_pb_use_builder":"off","_et_pb_old_content":"<!-- wp:paragraph -->\n<p> Al atardecer de ese mismo d\u00eda, el primero de la semana, estando cerradas las puertas del lugar donde se encontraban los disc\u00edpulos, por temor a los jud\u00edos, lleg\u00f3 Jes\u00fas y poni\u00e9ndose en medio de ellos, les dijo: \"\u00a1La paz est\u00e9 con ustedes!\".<br>Mientras dec\u00eda esto, les mostr\u00f3 sus manos y su costado. Los disc\u00edpulos se llenaron de alegr\u00eda cuando vieron al Se\u00f1or.<br>Jes\u00fas les dijo de nuevo: \"\u00a1La paz est\u00e9 con ustedes! Como el Padre me envi\u00f3 a m\u00ed, yo tambi\u00e9n los env\u00edo a ustedes\".<br>Al decirles esto, sopl\u00f3 sobre ellos y a\u00f1adi\u00f3: \"Reciban el Esp\u00edritu Santo.<br>Los pecados ser\u00e1n perdonados a los que ustedes se los perdonen, y ser\u00e1n retenidos a los que ustedes se los retengan\". <\/p>\n<!-- \/wp:paragraph -->\n\n<!-- wp:paragraph {\"align\":\"right\"} -->\n<p class=\"has-text-align-right\"><em>Extra\u00eddo de la Biblia: Libro del Pueblo de Dios. <\/em><\/p>\n<!-- \/wp:paragraph -->","_et_gb_content_width":""},"categories":[6],"tags":[],"aioseo_notices":[],"_links":{"self":[{"href":"https:\/\/www.obispado-mdp.org.ar\/a\/wp-json\/wp\/v2\/posts\/40800"}],"collection":[{"href":"https:\/\/www.obispado-mdp.org.ar\/a\/wp-json\/wp\/v2\/posts"}],"about":[{"href":"https:\/\/www.obispado-mdp.org.ar\/a\/wp-json\/wp\/v2\/types\/post"}],"author":[{"embeddable":true,"href":"https:\/\/www.obispado-mdp.org.ar\/a\/wp-json\/wp\/v2\/users\/3"}],"replies":[{"embeddable":true,"href":"https:\/\/www.obispado-mdp.org.ar\/a\/wp-json\/wp\/v2\/comments?post=40800"}],"version-history":[{"count":1,"href":"https:\/\/www.obispado-mdp.org.ar\/a\/wp-json\/wp\/v2\/posts\/40800\/revisions"}],"predecessor-version":[{"id":40801,"href":"https:\/\/www.obispado-mdp.org.ar\/a\/wp-json\/wp\/v2\/posts\/40800\/revisions\/40801"}],"wp:featuredmedia":[{"embeddable":true,"href":"https:\/\/www.obispado-mdp.org.ar\/a\/wp-json\/wp\/v2\/media\/31452"}],"wp:attachment":[{"href":"https:\/\/www.obispado-mdp.org.ar\/a\/wp-json\/wp\/v2\/media?parent=40800"}],"wp:term":[{"taxonomy":"category","embeddable":true,"href":"https:\/\/www.obispado-mdp.org.ar\/a\/wp-json\/wp\/v2\/categories?post=40800"},{"taxonomy":"post_tag","embeddable":true,"href":"https:\/\/www.obispado-mdp.org.ar\/a\/wp-json\/wp\/v2\/tags?post=40800"}],"curies":[{"name":"wp","href":"https:\/\/api.w.org\/{rel}","templated":true}]}}