{"id":40802,"date":"2023-09-05T18:30:00","date_gmt":"2023-09-05T21:30:00","guid":{"rendered":"https:\/\/www.obispado-mdp.org.ar\/a\/?p=40802"},"modified":"2023-07-02T10:33:50","modified_gmt":"2023-07-02T13:33:50","slug":"evangelio-segun-san-lucas-438-44-3","status":"publish","type":"post","link":"https:\/\/www.obispado-mdp.org.ar\/a\/evangelio-segun-san-lucas-438-44-3\/","title":{"rendered":"Evangelio seg\u00fan San\u00a0Lucas\u00a04,38-44."},"content":{"rendered":"\n<p>Al salir de la sinagoga, entr\u00f3 en la casa de Sim\u00f3n. La suegra de Sim\u00f3n ten\u00eda mucha fiebre, y le pidieron que hiciera algo por ella.<br>Inclin\u00e1ndose sobre ella, Jes\u00fas increp\u00f3 a la fiebre y esta desapareci\u00f3. En seguida, ella se levant\u00f3 y se puso a servirlos.<br>Al atardecer, todos los que ten\u00edan enfermos afectados de diversas dolencias se los llevaron, y \u00e9l, imponiendo las manos sobre cada uno de ellos, los curaba.<br>De muchos sal\u00edan demonios, gritando: \u00ab\u00a1T\u00fa eres el Hijo de Dios!\u00bb. Pero \u00e9l los increpaba y no los dejaba hablar, porque ellos sab\u00edan que era el Mes\u00edas.<br>Cuando amaneci\u00f3, Jes\u00fas sali\u00f3 y se fue a un lugar desierto. La multitud comenz\u00f3 a buscarlo y, cuando lo encontraron, quer\u00edan retenerlo para que no se alejara de ellos.<br>Pero \u00e9l les dijo: \u00abTambi\u00e9n a las otras ciudades debo anunciar la Buena Noticia del Reino de Dios, porque para eso he sido enviado\u00bb.<br>Y predicaba en las sinagogas de toda la Judea.<\/p>\n\n\n\n<p class=\"has-text-align-right\"><em>Extra\u00eddo de la Biblia: Libro del Pueblo de Dios. <\/em><\/p>\n","protected":false},"excerpt":{"rendered":"<p>Al salir de la sinagoga, entr\u00f3 en la casa de Sim\u00f3n. La suegra de Sim\u00f3n ten\u00eda mucha fiebre, y le pidieron que hiciera algo por ella.Inclin\u00e1ndose sobre ella, Jes\u00fas increp\u00f3 a la fiebre y esta desapareci\u00f3. En seguida, ella se levant\u00f3 y se puso a servirlos.Al atardecer, todos los que ten\u00edan enfermos afectados de diversas [&hellip;]<\/p>\n","protected":false},"author":3,"featured_media":31453,"comment_status":"open","ping_status":"closed","sticky":false,"template":"","format":"standard","meta":{"_et_pb_use_builder":"off","_et_pb_old_content":"<!-- wp:paragraph -->\n<p> Al atardecer de ese mismo d\u00eda, el primero de la semana, estando cerradas las puertas del lugar donde se encontraban los disc\u00edpulos, por temor a los jud\u00edos, lleg\u00f3 Jes\u00fas y poni\u00e9ndose en medio de ellos, les dijo: \"\u00a1La paz est\u00e9 con ustedes!\".<br>Mientras dec\u00eda esto, les mostr\u00f3 sus manos y su costado. Los disc\u00edpulos se llenaron de alegr\u00eda cuando vieron al Se\u00f1or.<br>Jes\u00fas les dijo de nuevo: \"\u00a1La paz est\u00e9 con ustedes! Como el Padre me envi\u00f3 a m\u00ed, yo tambi\u00e9n los env\u00edo a ustedes\".<br>Al decirles esto, sopl\u00f3 sobre ellos y a\u00f1adi\u00f3: \"Reciban el Esp\u00edritu Santo.<br>Los pecados ser\u00e1n perdonados a los que ustedes se los perdonen, y ser\u00e1n retenidos a los que ustedes se los retengan\". <\/p>\n<!-- \/wp:paragraph -->\n\n<!-- wp:paragraph {\"align\":\"right\"} -->\n<p class=\"has-text-align-right\"><em>Extra\u00eddo de la Biblia: Libro del Pueblo de Dios. <\/em><\/p>\n<!-- \/wp:paragraph -->","_et_gb_content_width":""},"categories":[6],"tags":[],"aioseo_notices":[],"_links":{"self":[{"href":"https:\/\/www.obispado-mdp.org.ar\/a\/wp-json\/wp\/v2\/posts\/40802"}],"collection":[{"href":"https:\/\/www.obispado-mdp.org.ar\/a\/wp-json\/wp\/v2\/posts"}],"about":[{"href":"https:\/\/www.obispado-mdp.org.ar\/a\/wp-json\/wp\/v2\/types\/post"}],"author":[{"embeddable":true,"href":"https:\/\/www.obispado-mdp.org.ar\/a\/wp-json\/wp\/v2\/users\/3"}],"replies":[{"embeddable":true,"href":"https:\/\/www.obispado-mdp.org.ar\/a\/wp-json\/wp\/v2\/comments?post=40802"}],"version-history":[{"count":1,"href":"https:\/\/www.obispado-mdp.org.ar\/a\/wp-json\/wp\/v2\/posts\/40802\/revisions"}],"predecessor-version":[{"id":40803,"href":"https:\/\/www.obispado-mdp.org.ar\/a\/wp-json\/wp\/v2\/posts\/40802\/revisions\/40803"}],"wp:featuredmedia":[{"embeddable":true,"href":"https:\/\/www.obispado-mdp.org.ar\/a\/wp-json\/wp\/v2\/media\/31453"}],"wp:attachment":[{"href":"https:\/\/www.obispado-mdp.org.ar\/a\/wp-json\/wp\/v2\/media?parent=40802"}],"wp:term":[{"taxonomy":"category","embeddable":true,"href":"https:\/\/www.obispado-mdp.org.ar\/a\/wp-json\/wp\/v2\/categories?post=40802"},{"taxonomy":"post_tag","embeddable":true,"href":"https:\/\/www.obispado-mdp.org.ar\/a\/wp-json\/wp\/v2\/tags?post=40802"}],"curies":[{"name":"wp","href":"https:\/\/api.w.org\/{rel}","templated":true}]}}