{"id":40806,"date":"2023-09-07T18:30:00","date_gmt":"2023-09-07T21:30:00","guid":{"rendered":"https:\/\/www.obispado-mdp.org.ar\/a\/?p=40806"},"modified":"2023-07-02T10:35:58","modified_gmt":"2023-07-02T13:35:58","slug":"evangelio-segun-san-mateo-11-16-18-23-3","status":"publish","type":"post","link":"https:\/\/www.obispado-mdp.org.ar\/a\/evangelio-segun-san-mateo-11-16-18-23-3\/","title":{"rendered":"Evangelio seg\u00fan San\u00a0Mateo\u00a01,1-16.18-23."},"content":{"rendered":"\n<p>Genealog\u00eda de Jesucristo, hijo de David, hijo de Abraham:<br>Abraham fue padre de Isaac; Isaac, padre de Jacob; Jacob, padre de Jud\u00e1 y de sus hermanos.<br>Jud\u00e1 fue padre de Fares y de Zar\u00e1, y la madre de estos fue Tamar. Fares fue padre de Esr\u00f3n;<br>Esr\u00f3n, padre de Ar\u00e1m; Ar\u00e1m, padre de Aminadab; Aminadab, padre de Naas\u00f3n; Naas\u00f3n, padre de Salm\u00f3n.<br>Salm\u00f3n fue padre de Booz, y la madre de este fue Rahab. Booz fue padre de Obed, y la madre de este fue Rut. Obed fue padre de Jes\u00e9;<br>Jes\u00e9, padre del rey David. David fue padre de Salom\u00f3n, y la madre de este fue la que hab\u00eda sido mujer de Ur\u00edas.<br>Salom\u00f3n fue padre de Robo\u00e1m; Robo\u00e1m, padre de Ab\u00edas; Ab\u00edas, padre de As\u00e1;<br>As\u00e1, padre de Josafat; Josafat, padre de Jor\u00e1m; Jor\u00e1m, padre de Oz\u00edas.<br>Oz\u00edas fue padre de Joat\u00e1m; Joat\u00e1m, padre de Acaz; Acaz, padre de Ezequ\u00edas;<br>Ezequ\u00edas, padre de Manas\u00e9s. Manas\u00e9s fue padre de Am\u00f3n; Am\u00f3n, padre de Jos\u00edas;<br>Jos\u00edas, padre de Jecon\u00edas y de sus hermanos, durante el destierro en Babilonia.<br>Despu\u00e9s del destierro en Babilonia: Jecon\u00edas fue padre de Salatiel; Salatiel, padre de Zorobabel;<br>Zorobabel, padre de Abiud; Abiud, padre de Eliac\u00edm; Eliac\u00edm, padre de Azor.<br>Azor fue padre de Sadoc; Sadoc, padre de Aqu\u00edm; Aqu\u00edm, padre de Eliud;<br>Eliud, padre de Eleazar; Eleazar, padre de Mat\u00e1n; Mat\u00e1n, padre de Jacob.<br>Jacob fue padre de Jos\u00e9, el esposo de Mar\u00eda, de la cual naci\u00f3 Jes\u00fas, que es llamado Cristo.<br>Este fue el origen de Jesucristo: Mar\u00eda, su madre, estaba comprometida con Jos\u00e9 y, cuando todav\u00eda no hab\u00edan vivido juntos, concibi\u00f3 un hijo por obra del Esp\u00edritu Santo.<br>Jos\u00e9, su esposo, que era un hombre justo y no quer\u00eda denunciarla p\u00fablicamente, resolvi\u00f3 abandonarla en secreto.<br>Mientras pensaba en esto, el Angel del Se\u00f1or se le apareci\u00f3 en sue\u00f1os y le dijo: \u00abJos\u00e9, hijo de David, no temas recibir a Mar\u00eda, tu esposa, porque lo que ha sido engendrado en ella proviene del Esp\u00edritu Santo.<br>Ella dar\u00e1 a luz un hijo, a quien pondr\u00e1s el nombre de Jes\u00fas, porque \u00e9l salvar\u00e1 a su Pueblo de todos sus pecados\u00bb.<br>Todo esto sucedi\u00f3 para que se cumpliera lo que el Se\u00f1or hab\u00eda anunciado por el Profeta:<br>La Virgen concebir\u00e1 y dar\u00e1 a luz un hijo a quien pondr\u00e1n el nombre de Emanuel, que traducido significa: \u00abDios con nosotros\u00bb.<\/p>\n\n\n\n<p class=\"has-text-align-right\"><em>Extra\u00eddo de la Biblia: Libro del Pueblo de Dios. <\/em><\/p>\n","protected":false},"excerpt":{"rendered":"<p>Genealog\u00eda de Jesucristo, hijo de David, hijo de Abraham:Abraham fue padre de Isaac; Isaac, padre de Jacob; Jacob, padre de Jud\u00e1 y de sus hermanos.Jud\u00e1 fue padre de Fares y de Zar\u00e1, y la madre de estos fue Tamar. Fares fue padre de Esr\u00f3n;Esr\u00f3n, padre de Ar\u00e1m; Ar\u00e1m, padre de Aminadab; Aminadab, padre de Naas\u00f3n; [&hellip;]<\/p>\n","protected":false},"author":3,"featured_media":31455,"comment_status":"open","ping_status":"closed","sticky":false,"template":"","format":"standard","meta":{"_et_pb_use_builder":"off","_et_pb_old_content":"<!-- wp:paragraph -->\n<p> Al atardecer de ese mismo d\u00eda, el primero de la semana, estando cerradas las puertas del lugar donde se encontraban los disc\u00edpulos, por temor a los jud\u00edos, lleg\u00f3 Jes\u00fas y poni\u00e9ndose en medio de ellos, les dijo: \"\u00a1La paz est\u00e9 con ustedes!\".<br>Mientras dec\u00eda esto, les mostr\u00f3 sus manos y su costado. Los disc\u00edpulos se llenaron de alegr\u00eda cuando vieron al Se\u00f1or.<br>Jes\u00fas les dijo de nuevo: \"\u00a1La paz est\u00e9 con ustedes! Como el Padre me envi\u00f3 a m\u00ed, yo tambi\u00e9n los env\u00edo a ustedes\".<br>Al decirles esto, sopl\u00f3 sobre ellos y a\u00f1adi\u00f3: \"Reciban el Esp\u00edritu Santo.<br>Los pecados ser\u00e1n perdonados a los que ustedes se los perdonen, y ser\u00e1n retenidos a los que ustedes se los retengan\". <\/p>\n<!-- \/wp:paragraph -->\n\n<!-- wp:paragraph {\"align\":\"right\"} -->\n<p class=\"has-text-align-right\"><em>Extra\u00eddo de la Biblia: Libro del Pueblo de Dios. <\/em><\/p>\n<!-- \/wp:paragraph -->","_et_gb_content_width":""},"categories":[6],"tags":[],"aioseo_notices":[],"_links":{"self":[{"href":"https:\/\/www.obispado-mdp.org.ar\/a\/wp-json\/wp\/v2\/posts\/40806"}],"collection":[{"href":"https:\/\/www.obispado-mdp.org.ar\/a\/wp-json\/wp\/v2\/posts"}],"about":[{"href":"https:\/\/www.obispado-mdp.org.ar\/a\/wp-json\/wp\/v2\/types\/post"}],"author":[{"embeddable":true,"href":"https:\/\/www.obispado-mdp.org.ar\/a\/wp-json\/wp\/v2\/users\/3"}],"replies":[{"embeddable":true,"href":"https:\/\/www.obispado-mdp.org.ar\/a\/wp-json\/wp\/v2\/comments?post=40806"}],"version-history":[{"count":1,"href":"https:\/\/www.obispado-mdp.org.ar\/a\/wp-json\/wp\/v2\/posts\/40806\/revisions"}],"predecessor-version":[{"id":40807,"href":"https:\/\/www.obispado-mdp.org.ar\/a\/wp-json\/wp\/v2\/posts\/40806\/revisions\/40807"}],"wp:featuredmedia":[{"embeddable":true,"href":"https:\/\/www.obispado-mdp.org.ar\/a\/wp-json\/wp\/v2\/media\/31455"}],"wp:attachment":[{"href":"https:\/\/www.obispado-mdp.org.ar\/a\/wp-json\/wp\/v2\/media?parent=40806"}],"wp:term":[{"taxonomy":"category","embeddable":true,"href":"https:\/\/www.obispado-mdp.org.ar\/a\/wp-json\/wp\/v2\/categories?post=40806"},{"taxonomy":"post_tag","embeddable":true,"href":"https:\/\/www.obispado-mdp.org.ar\/a\/wp-json\/wp\/v2\/tags?post=40806"}],"curies":[{"name":"wp","href":"https:\/\/api.w.org\/{rel}","templated":true}]}}