{"id":40814,"date":"2023-09-10T18:30:00","date_gmt":"2023-09-10T21:30:00","guid":{"rendered":"https:\/\/www.obispado-mdp.org.ar\/a\/?p=40814"},"modified":"2023-07-02T10:38:58","modified_gmt":"2023-07-02T13:38:58","slug":"evangelio-segun-san-lucas-66-11-3","status":"publish","type":"post","link":"https:\/\/www.obispado-mdp.org.ar\/a\/evangelio-segun-san-lucas-66-11-3\/","title":{"rendered":"Evangelio seg\u00fan San\u00a0Lucas\u00a06,6-11."},"content":{"rendered":"\n<p>Otro s\u00e1bado, entr\u00f3 en la sinagoga y comenz\u00f3 a ense\u00f1ar. Hab\u00eda all\u00ed un hombre que ten\u00eda la mano derecha paralizada.<br>Los escribas y los fariseos observaban atentamente a Jes\u00fas para ver si curaba en s\u00e1bado, porque quer\u00edan encontrar algo de qu\u00e9 acusarlo.<br>Pero Jes\u00fas, conociendo sus intenciones, dijo al hombre que ten\u00eda la mano paralizada: \u00abLev\u00e1ntate y qu\u00e9date de pie delante de todos\u00bb. El se levant\u00f3 y permaneci\u00f3 de pie.<br>Luego les dijo: \u00abYo les pregunto: \u00bfEst\u00e1 permitido en s\u00e1bado, hacer el bien o el mal, salvar una vida o perderla?\u00bb.<br>Y dirigiendo una mirada a todos, dijo al hombre: \u00abExtiende tu mano\u00bb. El la extendi\u00f3 y su mano qued\u00f3 curada.<br>Pero ellos se enfurecieron, y deliberaban entre s\u00ed para ver qu\u00e9 pod\u00edan hacer contra Jes\u00fas.<\/p>\n\n\n\n<p class=\"has-text-align-right\"><em>Extra\u00eddo de la Biblia: Libro del Pueblo de Dios. <\/em><\/p>\n","protected":false},"excerpt":{"rendered":"<p>Otro s\u00e1bado, entr\u00f3 en la sinagoga y comenz\u00f3 a ense\u00f1ar. Hab\u00eda all\u00ed un hombre que ten\u00eda la mano derecha paralizada.Los escribas y los fariseos observaban atentamente a Jes\u00fas para ver si curaba en s\u00e1bado, porque quer\u00edan encontrar algo de qu\u00e9 acusarlo.Pero Jes\u00fas, conociendo sus intenciones, dijo al hombre que ten\u00eda la mano paralizada: \u00abLev\u00e1ntate y [&hellip;]<\/p>\n","protected":false},"author":3,"featured_media":31451,"comment_status":"open","ping_status":"closed","sticky":false,"template":"","format":"standard","meta":{"_et_pb_use_builder":"off","_et_pb_old_content":"<!-- wp:paragraph -->\n<p> Al atardecer de ese mismo d\u00eda, el primero de la semana, estando cerradas las puertas del lugar donde se encontraban los disc\u00edpulos, por temor a los jud\u00edos, lleg\u00f3 Jes\u00fas y poni\u00e9ndose en medio de ellos, les dijo: \"\u00a1La paz est\u00e9 con ustedes!\".<br>Mientras dec\u00eda esto, les mostr\u00f3 sus manos y su costado. Los disc\u00edpulos se llenaron de alegr\u00eda cuando vieron al Se\u00f1or.<br>Jes\u00fas les dijo de nuevo: \"\u00a1La paz est\u00e9 con ustedes! Como el Padre me envi\u00f3 a m\u00ed, yo tambi\u00e9n los env\u00edo a ustedes\".<br>Al decirles esto, sopl\u00f3 sobre ellos y a\u00f1adi\u00f3: \"Reciban el Esp\u00edritu Santo.<br>Los pecados ser\u00e1n perdonados a los que ustedes se los perdonen, y ser\u00e1n retenidos a los que ustedes se los retengan\". <\/p>\n<!-- \/wp:paragraph -->\n\n<!-- wp:paragraph {\"align\":\"right\"} -->\n<p class=\"has-text-align-right\"><em>Extra\u00eddo de la Biblia: Libro del Pueblo de Dios. <\/em><\/p>\n<!-- \/wp:paragraph -->","_et_gb_content_width":""},"categories":[6],"tags":[],"aioseo_notices":[],"_links":{"self":[{"href":"https:\/\/www.obispado-mdp.org.ar\/a\/wp-json\/wp\/v2\/posts\/40814"}],"collection":[{"href":"https:\/\/www.obispado-mdp.org.ar\/a\/wp-json\/wp\/v2\/posts"}],"about":[{"href":"https:\/\/www.obispado-mdp.org.ar\/a\/wp-json\/wp\/v2\/types\/post"}],"author":[{"embeddable":true,"href":"https:\/\/www.obispado-mdp.org.ar\/a\/wp-json\/wp\/v2\/users\/3"}],"replies":[{"embeddable":true,"href":"https:\/\/www.obispado-mdp.org.ar\/a\/wp-json\/wp\/v2\/comments?post=40814"}],"version-history":[{"count":1,"href":"https:\/\/www.obispado-mdp.org.ar\/a\/wp-json\/wp\/v2\/posts\/40814\/revisions"}],"predecessor-version":[{"id":40815,"href":"https:\/\/www.obispado-mdp.org.ar\/a\/wp-json\/wp\/v2\/posts\/40814\/revisions\/40815"}],"wp:featuredmedia":[{"embeddable":true,"href":"https:\/\/www.obispado-mdp.org.ar\/a\/wp-json\/wp\/v2\/media\/31451"}],"wp:attachment":[{"href":"https:\/\/www.obispado-mdp.org.ar\/a\/wp-json\/wp\/v2\/media?parent=40814"}],"wp:term":[{"taxonomy":"category","embeddable":true,"href":"https:\/\/www.obispado-mdp.org.ar\/a\/wp-json\/wp\/v2\/categories?post=40814"},{"taxonomy":"post_tag","embeddable":true,"href":"https:\/\/www.obispado-mdp.org.ar\/a\/wp-json\/wp\/v2\/tags?post=40814"}],"curies":[{"name":"wp","href":"https:\/\/api.w.org\/{rel}","templated":true}]}}