{"id":40816,"date":"2023-09-11T18:30:00","date_gmt":"2023-09-11T21:30:00","guid":{"rendered":"https:\/\/www.obispado-mdp.org.ar\/a\/?p=40816"},"modified":"2023-07-02T10:40:29","modified_gmt":"2023-07-02T13:40:29","slug":"evangelio-segun-san-lucas-612-19-5","status":"publish","type":"post","link":"https:\/\/www.obispado-mdp.org.ar\/a\/evangelio-segun-san-lucas-612-19-5\/","title":{"rendered":"Evangelio seg\u00fan San\u00a0Lucas\u00a06,12-19."},"content":{"rendered":"\n<p>Jes\u00fas se retir\u00f3 a una monta\u00f1a para orar, y pas\u00f3 toda la noche en oraci\u00f3n con Dios.<br>Cuando se hizo de d\u00eda, llam\u00f3 a sus disc\u00edpulos y eligi\u00f3 a doce de ellos, a los que dio el nombre de Ap\u00f3stoles:<br>Sim\u00f3n, a quien puso el sobrenombre de Pedro, Andr\u00e9s, su hermano, Santiago, Juan, Felipe, Bartolom\u00e9,<br>Mateo, Tom\u00e1s, Santiago, hijo de Alfeo, Sim\u00f3n, llamado el Zelote,<br>Judas, hijo de Santiago, y Judas Iscariote, que fue el traidor.<br>Al bajar con ellos se detuvo en una llanura. Estaban all\u00ed muchos de sus disc\u00edpulos y una gran muchedumbre que hab\u00eda llegado de toda la Judea, de Jerusal\u00e9n y de la regi\u00f3n costera de Tiro y Sid\u00f3n,<br>para escucharlo y hacerse curar de sus enfermedades. Los que estaban atormentados por esp\u00edritus impuros quedaban curados;<br>y toda la gente quer\u00eda tocarlo, porque sal\u00eda de \u00e9l una fuerza que sanaba a todos.<\/p>\n\n\n\n<p class=\"has-text-align-right\"><em>Extra\u00eddo de la Biblia: Libro del Pueblo de Dios. <\/em><\/p>\n","protected":false},"excerpt":{"rendered":"<p>Jes\u00fas se retir\u00f3 a una monta\u00f1a para orar, y pas\u00f3 toda la noche en oraci\u00f3n con Dios.Cuando se hizo de d\u00eda, llam\u00f3 a sus disc\u00edpulos y eligi\u00f3 a doce de ellos, a los que dio el nombre de Ap\u00f3stoles:Sim\u00f3n, a quien puso el sobrenombre de Pedro, Andr\u00e9s, su hermano, Santiago, Juan, Felipe, Bartolom\u00e9,Mateo, Tom\u00e1s, Santiago, [&hellip;]<\/p>\n","protected":false},"author":3,"featured_media":31452,"comment_status":"open","ping_status":"closed","sticky":false,"template":"","format":"standard","meta":{"_et_pb_use_builder":"off","_et_pb_old_content":"<!-- wp:paragraph -->\n<p> Al atardecer de ese mismo d\u00eda, el primero de la semana, estando cerradas las puertas del lugar donde se encontraban los disc\u00edpulos, por temor a los jud\u00edos, lleg\u00f3 Jes\u00fas y poni\u00e9ndose en medio de ellos, les dijo: \"\u00a1La paz est\u00e9 con ustedes!\".<br>Mientras dec\u00eda esto, les mostr\u00f3 sus manos y su costado. Los disc\u00edpulos se llenaron de alegr\u00eda cuando vieron al Se\u00f1or.<br>Jes\u00fas les dijo de nuevo: \"\u00a1La paz est\u00e9 con ustedes! Como el Padre me envi\u00f3 a m\u00ed, yo tambi\u00e9n los env\u00edo a ustedes\".<br>Al decirles esto, sopl\u00f3 sobre ellos y a\u00f1adi\u00f3: \"Reciban el Esp\u00edritu Santo.<br>Los pecados ser\u00e1n perdonados a los que ustedes se los perdonen, y ser\u00e1n retenidos a los que ustedes se los retengan\". <\/p>\n<!-- \/wp:paragraph -->\n\n<!-- wp:paragraph {\"align\":\"right\"} -->\n<p class=\"has-text-align-right\"><em>Extra\u00eddo de la Biblia: Libro del Pueblo de Dios. <\/em><\/p>\n<!-- \/wp:paragraph -->","_et_gb_content_width":""},"categories":[6],"tags":[],"aioseo_notices":[],"_links":{"self":[{"href":"https:\/\/www.obispado-mdp.org.ar\/a\/wp-json\/wp\/v2\/posts\/40816"}],"collection":[{"href":"https:\/\/www.obispado-mdp.org.ar\/a\/wp-json\/wp\/v2\/posts"}],"about":[{"href":"https:\/\/www.obispado-mdp.org.ar\/a\/wp-json\/wp\/v2\/types\/post"}],"author":[{"embeddable":true,"href":"https:\/\/www.obispado-mdp.org.ar\/a\/wp-json\/wp\/v2\/users\/3"}],"replies":[{"embeddable":true,"href":"https:\/\/www.obispado-mdp.org.ar\/a\/wp-json\/wp\/v2\/comments?post=40816"}],"version-history":[{"count":1,"href":"https:\/\/www.obispado-mdp.org.ar\/a\/wp-json\/wp\/v2\/posts\/40816\/revisions"}],"predecessor-version":[{"id":40817,"href":"https:\/\/www.obispado-mdp.org.ar\/a\/wp-json\/wp\/v2\/posts\/40816\/revisions\/40817"}],"wp:featuredmedia":[{"embeddable":true,"href":"https:\/\/www.obispado-mdp.org.ar\/a\/wp-json\/wp\/v2\/media\/31452"}],"wp:attachment":[{"href":"https:\/\/www.obispado-mdp.org.ar\/a\/wp-json\/wp\/v2\/media?parent=40816"}],"wp:term":[{"taxonomy":"category","embeddable":true,"href":"https:\/\/www.obispado-mdp.org.ar\/a\/wp-json\/wp\/v2\/categories?post=40816"},{"taxonomy":"post_tag","embeddable":true,"href":"https:\/\/www.obispado-mdp.org.ar\/a\/wp-json\/wp\/v2\/tags?post=40816"}],"curies":[{"name":"wp","href":"https:\/\/api.w.org\/{rel}","templated":true}]}}