{"id":40832,"date":"2023-07-02T12:13:51","date_gmt":"2023-07-02T15:13:51","guid":{"rendered":"https:\/\/www.obispado-mdp.org.ar\/a\/?p=40832"},"modified":"2023-07-02T12:14:02","modified_gmt":"2023-07-02T15:14:02","slug":"documento-final-de-la-semana-social","status":"publish","type":"post","link":"https:\/\/www.obispado-mdp.org.ar\/a\/documento-final-de-la-semana-social\/","title":{"rendered":"DOCUMENTO FINAL DE LA SEMANA SOCIAL."},"content":{"rendered":"\n<p class=\"has-pale-cyan-blue-background-color has-background\"><strong>Finaliz\u00f3 la Semana Social 2023 \u00a0sobre \u201c40 a\u00f1os de Democracia y 10 a\u00f1os de Francisco\u201d Caminemos en Esperanza. Los obispos dieron a conocer el documento final.<\/strong><\/p>\n\n\n\n<p>Al t\u00e9rmino de las sesiones los obispos que integran la Comisi\u00f3n Nacional de Pastoral Social dieron a conocer un documento. Nos reunimos en esta Semana Social en Mar del Plata bajo el lema \u00ab40 A\u00f1os de democracia y 10 a\u00f1os de Francisco\u00bb, con una fuerte apelaci\u00f3n a la escucha, la memoria y la consolidaci\u00f3n de la democracia afrontando sus deudas pendientes. Nos planteamos que es necesario recuperar la pertenencia a la patria para construir juntos una comunidad que defienda la vida y el inter\u00e9s de todos, no dejando a nadie afuera.<\/p>\n\n\n\n<p>Recordamos que en la recuperaci\u00f3n de la democracia, al cabo de la noche m\u00e1s oscura, se so\u00f1aba con un ideal democr\u00e1tico con valores populares, que garantizar\u00edan la igualdad, el desarrollo econ\u00f3mico, la integraci\u00f3n republicana de la naci\u00f3n. Sin embargo, las pujas en lo econ\u00f3mico y en lo pol\u00edtico abrieron la puerta para una crisis de representaci\u00f3n en las instituciones que fue de la mano con un proceso de desintegraci\u00f3n y fragmentaci\u00f3n del cuerpo social. La democracia dej\u00f3 de identificarse con la expresi\u00f3n de los intereses de la mayor\u00eda, del bien com\u00fan, para pasar a ser una herramienta condicionada por poderes minoritarios o corporativos.<\/p>\n\n\n\n<p>Analizamos que nos encontramos ante una democracia que por un lado requiere de mayor vigor y empat\u00eda con lo propio, pero que no alcanza a cobijar a todos los sectores y regiones de nuestra Argentina. Frente a los cambios en el mundo y los nuevos desaf\u00edos de la \u00e9poca, luchamos para recuperar la vigencia y el protagonismo popular en las instituciones sociales y pol\u00edticas, En la presentaci\u00f3n de Memoria, Historia y Verdad advertimos que la consolidaci\u00f3n de la democracia es permanente, a\u00fan cuando hoy en Am\u00e9rica latina se registran golpes de estado blandos o se pretende desconocer la voluntad popular. Se subray\u00f3 la necesidad de sostener las pol\u00edticas de derechos humanos construidas desde 1983 hasta la fecha como pol\u00edticas de estado. La presentaci\u00f3n de esa obra implica desde la Iglesia el poder sanador del conocimiento de la verdad sobre la historia. A lo largo de todas las jornadas se destac\u00f3 la necesidad de fortalecer la escucha, de aprender a escucharnos con humildad y esperanza como modo indispensable para dialogar, para re-crear, haciendo el esfuerzo de articular esa dimensi\u00f3n individual, personal, para ponerla a jugar con la dimensi\u00f3n social, colectiva, estructural de la vida comunitaria en este tiempo de la historia. Hablamos de una democracia que signifique la construcci\u00f3n de ciudadan\u00eda plena, de ejercicio de derechos, que asegure condiciones para el bienestar de nuestro pueblo, que supere la fragmentaci\u00f3n, con sensibilidad social, con Tierra, Techo y Trabajo que garantice igualdad de oportunidades, con independencia econ\u00f3mica. Insistentemente escuchamos que es necesario un nuevo pacto social o un nuevo contrato democr\u00e1tico, con la participaci\u00f3n de toda la dirigencia pol\u00edtica, econ\u00f3mica y social, con un consenso que es posible y necesario, rescatando todo lo bueno que se hizo en la democracia, recalcando que es necesario ir a la cultura del encuentro, a partir de la escucha que nos habilita a debatir y superar las diferencias. O\u00edmos las luces y sombras de este tiempo transcurrido, con logros y avances, pero con las deudas a\u00fan pendientes de la democracia.<\/p>\n\n\n\n<p>Rescatamos la expresi\u00f3n casi un\u00e1nime de todos los participantes en esta semana sobre la relevancia de un compromiso transversal para lograr consensos en materia de pol\u00edticas p\u00fablicas sostenidas para proyectar la educaci\u00f3n, el empleo, la justicia y el desarrollo econ\u00f3mico con inclusi\u00f3n. El trabajo digno, se ha dicho, no solo tiene un valor econ\u00f3mico sino que es valorado como el principal organizador de la vida social. Escuchamos la necesidad de mayor industrializaci\u00f3n y pol\u00edticas de agregaci\u00f3n de valor a las materias primas para la generaci\u00f3n de empleo y lograr los acuerdos necesarios para combatir la inflaci\u00f3n y sostener el crecimiento en una coyuntura que se presenta con optimismo en los tiempos econ\u00f3micos que vienen. Mejorar el acceso a la justicia y avanzar contra la impunidad, destac\u00e1ndose que el fin del estado de bienestar no puede resolverse con leyes represivas, que no consideran los fundamentos sociales de tales problem\u00e1ticas<\/p>\n\n\n\n<p>En cuanto a la educaci\u00f3n, si bien se atraves\u00f3 el crecimiento de la inclusi\u00f3n educativa se registran deudas en la calidad de formaci\u00f3n, rescat\u00e1ndose la escuela como espacio de paz, de amor a la patria y convivencia social. Necesitamos pasar de una democracia representativa a una democracia participativa, con la correspondiente pluralidad. Hay sectores que hoy cuestionan el sistema democr\u00e1tico, pero no debemos claudicar, es el marco y estilo de vida que hemos elegido tener. Ninguna soluci\u00f3n basada en la eliminaci\u00f3n del otro puede ser un buen camino para re-crear la democracia.<\/p>\n\n\n\n<p>Necesitamos un an\u00e1lisis sereno, reflexivo, profundo, de d\u00f3nde estamos y hacia d\u00f3nde queremos ir. Necesitamos poner \u2018un o\u00eddo en el pueblo y otro en el Evangelio\u2019 A esa tarea estamos todos convocados, especialmente los j\u00f3venes, escuchando sus propuestas, anhelos y sue\u00f1os, los que, como dice el Papa Francisco, no son el futuro sino el presente de esta democracia que viene.<\/p>\n\n\n\n<p>Junto a nuestra Madre que nos ilumina desde Luj\u00e1n, \u201ccaminemos en esperanza\u201d1 anim\u00e1ndonos una vez m\u00e1s a ponernos la Patria al hombro.<\/p>\n\n\n\n<p>Comisi\u00f3n Episcopal de Pastoral Social<\/p>\n\n\n\n<p><a href=\"https:\/\/www.obispado-mdp.org.ar\/a\/wp-content\/uploads\/2023\/07\/Mensaje-SS-2-7-2023.pdf\">BAJAR DOCUMENTO FINAL <\/a><\/p>\n\n\n\n<figure class=\"wp-container-2 wp-block-gallery-1 wp-block-gallery has-nested-images columns-default is-cropped\">\n<figure class=\"wp-block-image size-large\"><img loading=\"lazy\" width=\"1024\" height=\"472\" data-id=\"40833\"  src=\"https:\/\/www.obispado-mdp.org.ar\/a\/wp-content\/uploads\/2023\/07\/94e9a481-8e10-4bbc-b853-b4687cdc08d2-1024x472.jpg\" alt=\"\" class=\"wp-image-40833\"\/><\/figure>\n\n\n\n<figure class=\"wp-block-image size-large\"><img loading=\"lazy\" width=\"1024\" height=\"472\" data-id=\"40837\"  src=\"https:\/\/www.obispado-mdp.org.ar\/a\/wp-content\/uploads\/2023\/07\/463a0a2b-f26e-40f7-ba9e-2f6dd43c9f4a-1024x472.jpg\" alt=\"\" class=\"wp-image-40837\"\/><\/figure>\n\n\n\n<figure class=\"wp-block-image size-large\"><img loading=\"lazy\" width=\"1024\" height=\"472\" data-id=\"40836\"  src=\"https:\/\/www.obispado-mdp.org.ar\/a\/wp-content\/uploads\/2023\/07\/326007be-92a3-4618-b761-a4f06ff9ffdd-1024x472.jpg\" alt=\"\" class=\"wp-image-40836\"\/><\/figure>\n\n\n\n<figure class=\"wp-block-image size-large\"><img loading=\"lazy\" width=\"1024\" height=\"472\" data-id=\"40835\"  src=\"https:\/\/www.obispado-mdp.org.ar\/a\/wp-content\/uploads\/2023\/07\/b07d7fac-6d5d-45c4-8f5b-395b2c401bde-1024x472.jpg\" alt=\"\" class=\"wp-image-40835\"\/><\/figure>\n\n\n\n<figure class=\"wp-block-image size-large\"><img loading=\"lazy\" width=\"1024\" height=\"525\" data-id=\"40838\"  src=\"https:\/\/www.obispado-mdp.org.ar\/a\/wp-content\/uploads\/2023\/07\/c98c8108-7fea-4ddc-8abb-c7b249a2ea3f-1024x525.jpg\" alt=\"\" class=\"wp-image-40838\"\/><\/figure>\n<\/figure>\n","protected":false},"excerpt":{"rendered":"<p>Finaliz\u00f3 la Semana Social 2023 \u00a0sobre \u201c40 a\u00f1os de Democracia y 10 a\u00f1os de Francisco\u201d Caminemos en Esperanza. Los obispos dieron a conocer el documento final. Al t\u00e9rmino de las sesiones los obispos que integran la Comisi\u00f3n Nacional de Pastoral Social dieron a conocer un documento. Nos reunimos en esta Semana Social en Mar del [&hellip;]<\/p>\n","protected":false},"author":4,"featured_media":40834,"comment_status":"open","ping_status":"open","sticky":false,"template":"","format":"standard","meta":{"_et_pb_use_builder":"","_et_pb_old_content":"","_et_gb_content_width":""},"categories":[3,4],"tags":[],"aioseo_notices":[],"_links":{"self":[{"href":"https:\/\/www.obispado-mdp.org.ar\/a\/wp-json\/wp\/v2\/posts\/40832"}],"collection":[{"href":"https:\/\/www.obispado-mdp.org.ar\/a\/wp-json\/wp\/v2\/posts"}],"about":[{"href":"https:\/\/www.obispado-mdp.org.ar\/a\/wp-json\/wp\/v2\/types\/post"}],"author":[{"embeddable":true,"href":"https:\/\/www.obispado-mdp.org.ar\/a\/wp-json\/wp\/v2\/users\/4"}],"replies":[{"embeddable":true,"href":"https:\/\/www.obispado-mdp.org.ar\/a\/wp-json\/wp\/v2\/comments?post=40832"}],"version-history":[{"count":1,"href":"https:\/\/www.obispado-mdp.org.ar\/a\/wp-json\/wp\/v2\/posts\/40832\/revisions"}],"predecessor-version":[{"id":40839,"href":"https:\/\/www.obispado-mdp.org.ar\/a\/wp-json\/wp\/v2\/posts\/40832\/revisions\/40839"}],"wp:featuredmedia":[{"embeddable":true,"href":"https:\/\/www.obispado-mdp.org.ar\/a\/wp-json\/wp\/v2\/media\/40834"}],"wp:attachment":[{"href":"https:\/\/www.obispado-mdp.org.ar\/a\/wp-json\/wp\/v2\/media?parent=40832"}],"wp:term":[{"taxonomy":"category","embeddable":true,"href":"https:\/\/www.obispado-mdp.org.ar\/a\/wp-json\/wp\/v2\/categories?post=40832"},{"taxonomy":"post_tag","embeddable":true,"href":"https:\/\/www.obispado-mdp.org.ar\/a\/wp-json\/wp\/v2\/tags?post=40832"}],"curies":[{"name":"wp","href":"https:\/\/api.w.org\/{rel}","templated":true}]}}