{"id":40840,"date":"2023-09-18T18:30:00","date_gmt":"2023-09-18T21:30:00","guid":{"rendered":"https:\/\/www.obispado-mdp.org.ar\/a\/?p=40840"},"modified":"2023-07-02T17:01:31","modified_gmt":"2023-07-02T20:01:31","slug":"evangelio-segun-san-lucas-711-17-2","status":"publish","type":"post","link":"https:\/\/www.obispado-mdp.org.ar\/a\/evangelio-segun-san-lucas-711-17-2\/","title":{"rendered":"Evangelio seg\u00fan San\u00a0Lucas\u00a07,11-17."},"content":{"rendered":"\n<p>Jes\u00fas se dirigi\u00f3 a una ciudad llamada Na\u00edm, acompa\u00f1ado de sus disc\u00edpulos y de una gran multitud.<br>Justamente cuando se acercaba a la puerta de la ciudad, llevaban a enterrar al hijo \u00fanico de una mujer viuda, y mucha gente del lugar la acompa\u00f1aba.<br>Al verla, el Se\u00f1or se conmovi\u00f3 y le dijo: \u00abNo llores\u00bb.<br>Despu\u00e9s se acerc\u00f3 y toc\u00f3 el f\u00e9retro. Los que lo llevaban se detuvieron y Jes\u00fas dijo: \u00abJoven, yo te lo ordeno, lev\u00e1ntate\u00bb.<br>El muerto se incorpor\u00f3 y empez\u00f3 a hablar. Y Jes\u00fas se lo entreg\u00f3 a su madre.<br>Todos quedaron sobrecogidos de temor y alababan a Dios, diciendo: \u00abUn gran profeta ha aparecido en medio de nosotros y Dios ha visitado a su Pueblo\u00bb.<br>El rumor de lo que Jes\u00fas acababa de hacer se difundi\u00f3 por toda la Judea y en toda la regi\u00f3n vecina.<\/p>\n\n\n\n<p class=\"has-text-align-right\"><em>Extra\u00eddo de la Biblia: Libro del Pueblo de Dios. <\/em><\/p>\n","protected":false},"excerpt":{"rendered":"<p>Jes\u00fas se dirigi\u00f3 a una ciudad llamada Na\u00edm, acompa\u00f1ado de sus disc\u00edpulos y de una gran multitud.Justamente cuando se acercaba a la puerta de la ciudad, llevaban a enterrar al hijo \u00fanico de una mujer viuda, y mucha gente del lugar la acompa\u00f1aba.Al verla, el Se\u00f1or se conmovi\u00f3 y le dijo: \u00abNo llores\u00bb.Despu\u00e9s se acerc\u00f3 [&hellip;]<\/p>\n","protected":false},"author":3,"featured_media":31452,"comment_status":"open","ping_status":"closed","sticky":false,"template":"","format":"standard","meta":{"_et_pb_use_builder":"off","_et_pb_old_content":"<!-- wp:paragraph -->\n<p> Al atardecer de ese mismo d\u00eda, el primero de la semana, estando cerradas las puertas del lugar donde se encontraban los disc\u00edpulos, por temor a los jud\u00edos, lleg\u00f3 Jes\u00fas y poni\u00e9ndose en medio de ellos, les dijo: \"\u00a1La paz est\u00e9 con ustedes!\".<br>Mientras dec\u00eda esto, les mostr\u00f3 sus manos y su costado. Los disc\u00edpulos se llenaron de alegr\u00eda cuando vieron al Se\u00f1or.<br>Jes\u00fas les dijo de nuevo: \"\u00a1La paz est\u00e9 con ustedes! Como el Padre me envi\u00f3 a m\u00ed, yo tambi\u00e9n los env\u00edo a ustedes\".<br>Al decirles esto, sopl\u00f3 sobre ellos y a\u00f1adi\u00f3: \"Reciban el Esp\u00edritu Santo.<br>Los pecados ser\u00e1n perdonados a los que ustedes se los perdonen, y ser\u00e1n retenidos a los que ustedes se los retengan\". <\/p>\n<!-- \/wp:paragraph -->\n\n<!-- wp:paragraph {\"align\":\"right\"} -->\n<p class=\"has-text-align-right\"><em>Extra\u00eddo de la Biblia: Libro del Pueblo de Dios. <\/em><\/p>\n<!-- \/wp:paragraph -->","_et_gb_content_width":""},"categories":[6],"tags":[],"aioseo_notices":[],"_links":{"self":[{"href":"https:\/\/www.obispado-mdp.org.ar\/a\/wp-json\/wp\/v2\/posts\/40840"}],"collection":[{"href":"https:\/\/www.obispado-mdp.org.ar\/a\/wp-json\/wp\/v2\/posts"}],"about":[{"href":"https:\/\/www.obispado-mdp.org.ar\/a\/wp-json\/wp\/v2\/types\/post"}],"author":[{"embeddable":true,"href":"https:\/\/www.obispado-mdp.org.ar\/a\/wp-json\/wp\/v2\/users\/3"}],"replies":[{"embeddable":true,"href":"https:\/\/www.obispado-mdp.org.ar\/a\/wp-json\/wp\/v2\/comments?post=40840"}],"version-history":[{"count":1,"href":"https:\/\/www.obispado-mdp.org.ar\/a\/wp-json\/wp\/v2\/posts\/40840\/revisions"}],"predecessor-version":[{"id":40841,"href":"https:\/\/www.obispado-mdp.org.ar\/a\/wp-json\/wp\/v2\/posts\/40840\/revisions\/40841"}],"wp:featuredmedia":[{"embeddable":true,"href":"https:\/\/www.obispado-mdp.org.ar\/a\/wp-json\/wp\/v2\/media\/31452"}],"wp:attachment":[{"href":"https:\/\/www.obispado-mdp.org.ar\/a\/wp-json\/wp\/v2\/media?parent=40840"}],"wp:term":[{"taxonomy":"category","embeddable":true,"href":"https:\/\/www.obispado-mdp.org.ar\/a\/wp-json\/wp\/v2\/categories?post=40840"},{"taxonomy":"post_tag","embeddable":true,"href":"https:\/\/www.obispado-mdp.org.ar\/a\/wp-json\/wp\/v2\/tags?post=40840"}],"curies":[{"name":"wp","href":"https:\/\/api.w.org\/{rel}","templated":true}]}}