{"id":40842,"date":"2023-09-19T18:30:00","date_gmt":"2023-09-19T21:30:00","guid":{"rendered":"https:\/\/www.obispado-mdp.org.ar\/a\/?p=40842"},"modified":"2023-07-02T17:02:23","modified_gmt":"2023-07-02T20:02:23","slug":"evangelio-segun-san-lucas-731-35","status":"publish","type":"post","link":"https:\/\/www.obispado-mdp.org.ar\/a\/evangelio-segun-san-lucas-731-35\/","title":{"rendered":"Evangelio seg\u00fan San\u00a0Lucas\u00a07,31-35."},"content":{"rendered":"\n<p>Dijo el Se\u00f1or: \u00ab\u00bfCon qui\u00e9n puedo comparar a los hombres de esta generaci\u00f3n? \u00bfA qui\u00e9n se parecen?<br>Se parecen a esos muchachos que est\u00e1n sentados en la plaza y se dicen entre ellos: &#8216;\u00a1Les tocamos la flauta, y ustedes no bailaron! \u00a1Entonamos cantos f\u00fanebres, y no lloraron!&#8217;.<br>Porque lleg\u00f3 Juan el Bautista, que no come pan ni bebe vino, y ustedes dicen: &#8216;\u00a1Ha perdido la cabeza!&#8217;.<br>Lleg\u00f3 el Hijo del hombre, que come y bebe, y dicen: &#8216;\u00a1Es un glot\u00f3n y un borracho, amigo de publicanos y pecadores!&#8217;.<br>Pero la Sabidur\u00eda ha sido reconocida como justa por todos sus hijos.\u00bb<\/p>\n\n\n\n<p class=\"has-text-align-right\"><em>Extra\u00eddo de la Biblia: Libro del Pueblo de Dios. <\/em><\/p>\n","protected":false},"excerpt":{"rendered":"<p>Dijo el Se\u00f1or: \u00ab\u00bfCon qui\u00e9n puedo comparar a los hombres de esta generaci\u00f3n? \u00bfA qui\u00e9n se parecen?Se parecen a esos muchachos que est\u00e1n sentados en la plaza y se dicen entre ellos: &#8216;\u00a1Les tocamos la flauta, y ustedes no bailaron! \u00a1Entonamos cantos f\u00fanebres, y no lloraron!&#8217;.Porque lleg\u00f3 Juan el Bautista, que no come pan ni [&hellip;]<\/p>\n","protected":false},"author":3,"featured_media":31453,"comment_status":"open","ping_status":"closed","sticky":false,"template":"","format":"standard","meta":{"_et_pb_use_builder":"off","_et_pb_old_content":"<!-- wp:paragraph -->\n<p> Al atardecer de ese mismo d\u00eda, el primero de la semana, estando cerradas las puertas del lugar donde se encontraban los disc\u00edpulos, por temor a los jud\u00edos, lleg\u00f3 Jes\u00fas y poni\u00e9ndose en medio de ellos, les dijo: \"\u00a1La paz est\u00e9 con ustedes!\".<br>Mientras dec\u00eda esto, les mostr\u00f3 sus manos y su costado. Los disc\u00edpulos se llenaron de alegr\u00eda cuando vieron al Se\u00f1or.<br>Jes\u00fas les dijo de nuevo: \"\u00a1La paz est\u00e9 con ustedes! Como el Padre me envi\u00f3 a m\u00ed, yo tambi\u00e9n los env\u00edo a ustedes\".<br>Al decirles esto, sopl\u00f3 sobre ellos y a\u00f1adi\u00f3: \"Reciban el Esp\u00edritu Santo.<br>Los pecados ser\u00e1n perdonados a los que ustedes se los perdonen, y ser\u00e1n retenidos a los que ustedes se los retengan\". <\/p>\n<!-- \/wp:paragraph -->\n\n<!-- wp:paragraph {\"align\":\"right\"} -->\n<p class=\"has-text-align-right\"><em>Extra\u00eddo de la Biblia: Libro del Pueblo de Dios. <\/em><\/p>\n<!-- \/wp:paragraph -->","_et_gb_content_width":""},"categories":[6],"tags":[],"aioseo_notices":[],"_links":{"self":[{"href":"https:\/\/www.obispado-mdp.org.ar\/a\/wp-json\/wp\/v2\/posts\/40842"}],"collection":[{"href":"https:\/\/www.obispado-mdp.org.ar\/a\/wp-json\/wp\/v2\/posts"}],"about":[{"href":"https:\/\/www.obispado-mdp.org.ar\/a\/wp-json\/wp\/v2\/types\/post"}],"author":[{"embeddable":true,"href":"https:\/\/www.obispado-mdp.org.ar\/a\/wp-json\/wp\/v2\/users\/3"}],"replies":[{"embeddable":true,"href":"https:\/\/www.obispado-mdp.org.ar\/a\/wp-json\/wp\/v2\/comments?post=40842"}],"version-history":[{"count":1,"href":"https:\/\/www.obispado-mdp.org.ar\/a\/wp-json\/wp\/v2\/posts\/40842\/revisions"}],"predecessor-version":[{"id":40843,"href":"https:\/\/www.obispado-mdp.org.ar\/a\/wp-json\/wp\/v2\/posts\/40842\/revisions\/40843"}],"wp:featuredmedia":[{"embeddable":true,"href":"https:\/\/www.obispado-mdp.org.ar\/a\/wp-json\/wp\/v2\/media\/31453"}],"wp:attachment":[{"href":"https:\/\/www.obispado-mdp.org.ar\/a\/wp-json\/wp\/v2\/media?parent=40842"}],"wp:term":[{"taxonomy":"category","embeddable":true,"href":"https:\/\/www.obispado-mdp.org.ar\/a\/wp-json\/wp\/v2\/categories?post=40842"},{"taxonomy":"post_tag","embeddable":true,"href":"https:\/\/www.obispado-mdp.org.ar\/a\/wp-json\/wp\/v2\/tags?post=40842"}],"curies":[{"name":"wp","href":"https:\/\/api.w.org\/{rel}","templated":true}]}}