{"id":40848,"date":"2023-09-22T18:30:00","date_gmt":"2023-09-22T21:30:00","guid":{"rendered":"https:\/\/www.obispado-mdp.org.ar\/a\/?p=40848"},"modified":"2023-07-02T17:10:06","modified_gmt":"2023-07-02T20:10:06","slug":"evangelio-segun-san-lucas-84-15-3","status":"publish","type":"post","link":"https:\/\/www.obispado-mdp.org.ar\/a\/evangelio-segun-san-lucas-84-15-3\/","title":{"rendered":"Evangelio seg\u00fan San\u00a0Lucas\u00a08,4-15."},"content":{"rendered":"\n<p>Como se reun\u00eda una gran multitud y acud\u00eda a Jes\u00fas gente de todas las ciudades, \u00e9l les dijo, vali\u00e9ndose de una par\u00e1bola:<br>\u00abEl sembrador sali\u00f3 a sembrar su semilla. Al sembrar, una parte de la semilla cay\u00f3 al borde del camino, donde fue pisoteada y se la comieron los p\u00e1jaros del cielo.<br>Otra parte cay\u00f3 sobre las piedras y, al brotar, se sec\u00f3 por falta de humedad.<br>Otra cay\u00f3 entre las espinas, y estas, brotando al mismo tiempo, la ahogaron.<br>Otra parte cay\u00f3 en tierra f\u00e9rtil, brot\u00f3 y produjo fruto al ciento por uno\u00bb. Y una vez que dijo esto, exclam\u00f3: \u00ab\u00a1El que tenga o\u00eddos para o\u00edr, que oiga!\u00bb.<br>Sus disc\u00edpulos le preguntaron qu\u00e9 significaba esta par\u00e1bola,<br>y Jes\u00fas les dijo: \u00abA ustedes se les ha concedido conocer los misterios del Reino de Dios; a los dem\u00e1s, en cambio, se les habla en par\u00e1bolas, para que miren sin ver y oigan sin comprender.<br>La par\u00e1bola quiere decir esto: La semilla es la Palabra de Dios.<br>Los que est\u00e1n al borde del camino son los que escuchan, pero luego viene el demonio y arrebata la Palabra de sus corazones, para que no crean y se salven.<br>Los que est\u00e1n sobre las piedras son los que reciben la Palabra con alegr\u00eda, apenas la oyen; pero no tienen ra\u00edces: creen por un tiempo, y en el momento de la tentaci\u00f3n se vuelven atr\u00e1s.<br>Lo que cay\u00f3 entre espinas son los que escuchan, pero con las preocupaciones, las riquezas y los placeres de la vida, se van dejando ahogar poco a poco, y no llegan a madurar.<br>Lo que cay\u00f3 en tierra f\u00e9rtil son los que escuchan la Palabra con un coraz\u00f3n bien dispuesto, la retienen, y dan fruto gracias a su constancia.<\/p>\n\n\n\n<p class=\"has-text-align-right\"><em>Extra\u00eddo de la Biblia: Libro del Pueblo de Dios. <\/em><\/p>\n","protected":false},"excerpt":{"rendered":"<p>Como se reun\u00eda una gran multitud y acud\u00eda a Jes\u00fas gente de todas las ciudades, \u00e9l les dijo, vali\u00e9ndose de una par\u00e1bola:\u00abEl sembrador sali\u00f3 a sembrar su semilla. Al sembrar, una parte de la semilla cay\u00f3 al borde del camino, donde fue pisoteada y se la comieron los p\u00e1jaros del cielo.Otra parte cay\u00f3 sobre las [&hellip;]<\/p>\n","protected":false},"author":3,"featured_media":31454,"comment_status":"open","ping_status":"closed","sticky":false,"template":"","format":"standard","meta":{"_et_pb_use_builder":"off","_et_pb_old_content":"<!-- wp:paragraph -->\n<p> Al atardecer de ese mismo d\u00eda, el primero de la semana, estando cerradas las puertas del lugar donde se encontraban los disc\u00edpulos, por temor a los jud\u00edos, lleg\u00f3 Jes\u00fas y poni\u00e9ndose en medio de ellos, les dijo: \"\u00a1La paz est\u00e9 con ustedes!\".<br>Mientras dec\u00eda esto, les mostr\u00f3 sus manos y su costado. Los disc\u00edpulos se llenaron de alegr\u00eda cuando vieron al Se\u00f1or.<br>Jes\u00fas les dijo de nuevo: \"\u00a1La paz est\u00e9 con ustedes! Como el Padre me envi\u00f3 a m\u00ed, yo tambi\u00e9n los env\u00edo a ustedes\".<br>Al decirles esto, sopl\u00f3 sobre ellos y a\u00f1adi\u00f3: \"Reciban el Esp\u00edritu Santo.<br>Los pecados ser\u00e1n perdonados a los que ustedes se los perdonen, y ser\u00e1n retenidos a los que ustedes se los retengan\". <\/p>\n<!-- \/wp:paragraph -->\n\n<!-- wp:paragraph {\"align\":\"right\"} -->\n<p class=\"has-text-align-right\"><em>Extra\u00eddo de la Biblia: Libro del Pueblo de Dios. <\/em><\/p>\n<!-- \/wp:paragraph -->","_et_gb_content_width":""},"categories":[6],"tags":[],"aioseo_notices":[],"_links":{"self":[{"href":"https:\/\/www.obispado-mdp.org.ar\/a\/wp-json\/wp\/v2\/posts\/40848"}],"collection":[{"href":"https:\/\/www.obispado-mdp.org.ar\/a\/wp-json\/wp\/v2\/posts"}],"about":[{"href":"https:\/\/www.obispado-mdp.org.ar\/a\/wp-json\/wp\/v2\/types\/post"}],"author":[{"embeddable":true,"href":"https:\/\/www.obispado-mdp.org.ar\/a\/wp-json\/wp\/v2\/users\/3"}],"replies":[{"embeddable":true,"href":"https:\/\/www.obispado-mdp.org.ar\/a\/wp-json\/wp\/v2\/comments?post=40848"}],"version-history":[{"count":1,"href":"https:\/\/www.obispado-mdp.org.ar\/a\/wp-json\/wp\/v2\/posts\/40848\/revisions"}],"predecessor-version":[{"id":40849,"href":"https:\/\/www.obispado-mdp.org.ar\/a\/wp-json\/wp\/v2\/posts\/40848\/revisions\/40849"}],"wp:featuredmedia":[{"embeddable":true,"href":"https:\/\/www.obispado-mdp.org.ar\/a\/wp-json\/wp\/v2\/media\/31454"}],"wp:attachment":[{"href":"https:\/\/www.obispado-mdp.org.ar\/a\/wp-json\/wp\/v2\/media?parent=40848"}],"wp:term":[{"taxonomy":"category","embeddable":true,"href":"https:\/\/www.obispado-mdp.org.ar\/a\/wp-json\/wp\/v2\/categories?post=40848"},{"taxonomy":"post_tag","embeddable":true,"href":"https:\/\/www.obispado-mdp.org.ar\/a\/wp-json\/wp\/v2\/tags?post=40848"}],"curies":[{"name":"wp","href":"https:\/\/api.w.org\/{rel}","templated":true}]}}