{"id":40871,"date":"2023-07-03T13:08:01","date_gmt":"2023-07-03T16:08:01","guid":{"rendered":"https:\/\/www.obispado-mdp.org.ar\/a\/?p=40871"},"modified":"2023-07-03T13:19:01","modified_gmt":"2023-07-03T16:19:01","slug":"la-plaza-del-agua-cardenal-pironio","status":"publish","type":"post","link":"https:\/\/www.obispado-mdp.org.ar\/a\/la-plaza-del-agua-cardenal-pironio\/","title":{"rendered":"PLAZA DEL AGUA \u201cCARDENAL PIRONIO\u201d."},"content":{"rendered":"\n<p class=\"has-pale-cyan-blue-background-color has-background\">El padre obispo Gabriel bendijo la reimposici\u00f3n del nombre \u201cCardenal Eduardo Pironio\u201d que Obras Sanitarias de MGP coloc\u00f3 a la Plaza del Agua para recordar su legado como 2do. Obispo de la Di\u00f3cesis de Mar del Plata.<\/p>\n\n\n\n<p>Esta ma\u00f1ana el padre obispo junto a las autoridades de OSSE participaron del acto de la reimposici\u00f3n del nombre del obispo marplatense que acompa\u00f1ar\u00e1 a la Plaza del Agua para recordar que ese predio de OSSE lleva el nombre de Plaza del Agua \u201cCardenal Eduardo Pironio\u201d. A la vez se descubri\u00f3 un cartel con el nombre \u201cPlaza del Agua Cardenal Eduardo Pironio\u201d.<br>Durante la ceremonia Mestre dijo \u201cla ordenanza del 2003 habla de la transparencia y la pureza, dos valores propios de Pironio. El esp\u00edritu de ordenanza enumera dos virtudes de Pironio que nos gusta destacar como paradigmas para todos los j\u00f3venes\u201d.  <\/p>\n\n\n\n<p>El nombre oficial de la plaza fue dispuesto oficialmente por la ordenanza municipal N\u00b015210 del 03\/02\/2003 que fuera aprobada por unanimidad en el Honorable Concejo Deliberante y que no se hab\u00eda efectivizado hasta la fecha.<br>El presidente de OSSE, Arq Carlos Katz dijo \u201cEs un honor retomar el nombre de Cardenal Pironio a esta querida plaza del Agua honrando la memoria de un gran hombre que fue promotor de la Marcha de Esperanza y luego de los encuentros mundiales de la Juventud\u201d. La directora de esa organizaci\u00f3n, Cristina Coria, agradeci\u00f3 la presencia de las autoridades al acto.<br><\/p>\n\n\n\n<p>Finalmente el obispo Mestre, agradeci\u00f3 a las autoridades de OSSE por la colaboraci\u00f3n ante las necesidades de los m\u00e1s pobres y necesitados solicitado por el obispado, honrando el esp\u00edritu de Pironio. Mestre dijo \u201c<strong>la ordenanza del 2003 habla de la transparencia y la pureza, dos valores propios de Pironio. El esp\u00edritu de ordenanza resalta dos virtudes de Pironio que nos gusta destacar como paradigmas para todos los j\u00f3venes\u201d.<\/strong><\/p>\n\n\n\n<figure class=\"wp-container-2 wp-block-gallery-1 wp-block-gallery has-nested-images columns-default is-cropped\">\n<figure class=\"wp-block-image size-large\"><img loading=\"lazy\" width=\"1024\" height=\"677\" data-id=\"40876\"  src=\"https:\/\/www.obispado-mdp.org.ar\/a\/wp-content\/uploads\/2023\/07\/2e9a3fb4-b8d7-42ad-8807--1024x677.jpg\" alt=\"\" class=\"wp-image-40876\"\/><\/figure>\n\n\n\n<figure class=\"wp-block-image size-large\"><img loading=\"lazy\" width=\"1024\" height=\"768\" data-id=\"40874\"  src=\"https:\/\/www.obispado-mdp.org.ar\/a\/wp-content\/uploads\/2023\/07\/4da412d1-d25e-4e6a-a317-63911db629a3-1024x768.jpg\" alt=\"\" class=\"wp-image-40874\"\/><\/figure>\n\n\n\n<figure class=\"wp-block-image size-large\"><img loading=\"lazy\" width=\"1024\" height=\"768\" data-id=\"40877\"  src=\"https:\/\/www.obispado-mdp.org.ar\/a\/wp-content\/uploads\/2023\/07\/7c376857-f657-4784-9574-e6e52c0435bb-1024x768.jpg\" alt=\"\" class=\"wp-image-40877\"\/><\/figure>\n\n\n\n<figure class=\"wp-block-image size-large\"><img loading=\"lazy\" width=\"960\" height=\"720\" data-id=\"40873\"  src=\"https:\/\/www.obispado-mdp.org.ar\/a\/wp-content\/uploads\/2023\/07\/233a849b-7fcc-497a-9d8d-02bcead5fc3d.jpg\" alt=\"\" class=\"wp-image-40873\"\/><\/figure>\n\n\n\n<figure class=\"wp-block-image size-large\"><img loading=\"lazy\" width=\"657\" height=\"467\" data-id=\"40872\"  src=\"https:\/\/www.obispado-mdp.org.ar\/a\/wp-content\/uploads\/2023\/07\/FLYER-PLAZA-DEL-AGUA2.jpg\" alt=\"\" class=\"wp-image-40872\"\/><\/figure>\n<\/figure>\n\n\n\n<figure class=\"wp-block-image size-full\"><img loading=\"lazy\" width=\"935\" height=\"625\" src=\"https:\/\/www.obispado-mdp.org.ar\/a\/wp-content\/uploads\/2023\/07\/DSC_0307.jpg\" alt=\"\" class=\"wp-image-40883\"\/><\/figure>\n","protected":false},"excerpt":{"rendered":"<p>El padre obispo Gabriel bendijo la reimposici\u00f3n del nombre \u201cCardenal Eduardo Pironio\u201d que Obras Sanitarias de MGP coloc\u00f3 a la Plaza del Agua para recordar su legado como 2do. Obispo de la Di\u00f3cesis de Mar del Plata. Esta ma\u00f1ana el padre obispo junto a las autoridades de OSSE participaron del acto de la reimposici\u00f3n del [&hellip;]<\/p>\n","protected":false},"author":4,"featured_media":40878,"comment_status":"open","ping_status":"open","sticky":false,"template":"","format":"standard","meta":{"_et_pb_use_builder":"","_et_pb_old_content":"","_et_gb_content_width":""},"categories":[4],"tags":[],"aioseo_notices":[],"_links":{"self":[{"href":"https:\/\/www.obispado-mdp.org.ar\/a\/wp-json\/wp\/v2\/posts\/40871"}],"collection":[{"href":"https:\/\/www.obispado-mdp.org.ar\/a\/wp-json\/wp\/v2\/posts"}],"about":[{"href":"https:\/\/www.obispado-mdp.org.ar\/a\/wp-json\/wp\/v2\/types\/post"}],"author":[{"embeddable":true,"href":"https:\/\/www.obispado-mdp.org.ar\/a\/wp-json\/wp\/v2\/users\/4"}],"replies":[{"embeddable":true,"href":"https:\/\/www.obispado-mdp.org.ar\/a\/wp-json\/wp\/v2\/comments?post=40871"}],"version-history":[{"count":5,"href":"https:\/\/www.obispado-mdp.org.ar\/a\/wp-json\/wp\/v2\/posts\/40871\/revisions"}],"predecessor-version":[{"id":40885,"href":"https:\/\/www.obispado-mdp.org.ar\/a\/wp-json\/wp\/v2\/posts\/40871\/revisions\/40885"}],"wp:featuredmedia":[{"embeddable":true,"href":"https:\/\/www.obispado-mdp.org.ar\/a\/wp-json\/wp\/v2\/media\/40878"}],"wp:attachment":[{"href":"https:\/\/www.obispado-mdp.org.ar\/a\/wp-json\/wp\/v2\/media?parent=40871"}],"wp:term":[{"taxonomy":"category","embeddable":true,"href":"https:\/\/www.obispado-mdp.org.ar\/a\/wp-json\/wp\/v2\/categories?post=40871"},{"taxonomy":"post_tag","embeddable":true,"href":"https:\/\/www.obispado-mdp.org.ar\/a\/wp-json\/wp\/v2\/tags?post=40871"}],"curies":[{"name":"wp","href":"https:\/\/api.w.org\/{rel}","templated":true}]}}