{"id":40886,"date":"2023-07-04T18:28:26","date_gmt":"2023-07-04T21:28:26","guid":{"rendered":"https:\/\/www.obispado-mdp.org.ar\/a\/?p=40886"},"modified":"2023-07-04T18:35:17","modified_gmt":"2023-07-04T21:35:17","slug":"misa-aniversario-del-secuestro-y-desaparicion-de-mauricio-silva","status":"publish","type":"post","link":"https:\/\/www.obispado-mdp.org.ar\/a\/misa-aniversario-del-secuestro-y-desaparicion-de-mauricio-silva\/","title":{"rendered":"MISA ANIVERSARIO DEL SECUESTRO Y DESAPARICI\u00d3N DE MAURICIO SILVA."},"content":{"rendered":"\n<p class=\"has-pale-cyan-blue-background-color has-background\">E<strong>l padre Obispo Gabriel presidi\u00f3 hoy la eucarist\u00eda por el barrendero y sacerdote Mauricio Silva, en un nuevo aniversario de su secuestro y desaparici\u00f3n en 1977.<\/strong><\/p>\n\n\n\n<p>La misa se realiz\u00f3 en el Santuario Nuestra Se\u00f1ora de Lujan de la Hna. Marta. Participaron miembros de esa comunidad junto a los referentes, trabajadores de la econom\u00eda popular, recicladores y cartoneros.<\/p>\n\n\n\n<p>Homil\u00eda<\/p>\n\n\n\n<p>En su homil\u00eda el padre Obispo dijo: \u00abLa Biblia, en todos sus textos, refleja la realidad de la vida y de hoy y de siempre porque es la Palabra Viva. Hist\u00f3ricamente hay pueblos que oprimen a otros, seg\u00fan las lecturas.<\/p>\n\n\n\n<p>Hoy recordamos al hermano Mauricio, que tambi\u00e9n sufri\u00f3 lo mismo, fue oprimido y asesinado por dar testimonio de su fe.<\/p>\n\n\n\n<p>Pero siempre en la Biblia tenemos el testimonio de Jes\u00fas que nos ofrece la buena noticia de la resurrecci\u00f3n.<\/p>\n\n\n\n<p>Mauricio se asoci\u00f3 al misterio liberador de Jesucristo. Cristo era el modelo de Mauricio, por eso hacemos memoria del martirio de este sacerdote servidor de Jes\u00fas que ofrend\u00f3 su vida por su fe.<\/p>\n\n\n\n<p>Hacemos memoria de todos los barrendero y miembros de la econom\u00eda popular, cartoneros y recicladores para tener siempre la fuerza de trabajar por los m\u00e1s necesitados, invocando siempre la fuerza salvadora de Jesucristo\u00bb.<\/p>\n\n\n\n<p>Al t\u00e9rmino de la ceremonia el obispo Gabriel bendijo a los trabajadores de la econom\u00eda popular y a los trabajadores excluidos presentes en la Misa.<\/p>\n\n\n\n<figure class=\"wp-container-2 wp-block-gallery-1 wp-block-gallery has-nested-images columns-default is-cropped\">\n<figure class=\"wp-block-image size-large\"><img loading=\"lazy\" width=\"1024\" height=\"768\" data-id=\"40888\"  src=\"https:\/\/www.obispado-mdp.org.ar\/a\/wp-content\/uploads\/2023\/07\/0c6148f3-6785-4bbf-afd9-79cb83719555-1024x768.jpg\" alt=\"\" class=\"wp-image-40888\"\/><\/figure>\n\n\n\n<figure class=\"wp-block-image size-large\"><img loading=\"lazy\" width=\"1024\" height=\"768\" data-id=\"40892\"  src=\"https:\/\/www.obispado-mdp.org.ar\/a\/wp-content\/uploads\/2023\/07\/004bd486-4288-459a-b651-f0155584a436-1024x768.jpg\" alt=\"\" class=\"wp-image-40892\"\/><\/figure>\n\n\n\n<figure class=\"wp-block-image size-large\"><img loading=\"lazy\" width=\"1024\" height=\"768\" data-id=\"40890\"  src=\"https:\/\/www.obispado-mdp.org.ar\/a\/wp-content\/uploads\/2023\/07\/4f7eefde-54e0-49f1-a960-43bb4df7841f-1024x768.jpg\" alt=\"\" class=\"wp-image-40890\"\/><\/figure>\n\n\n\n<figure class=\"wp-block-image size-large\"><img loading=\"lazy\" width=\"1024\" height=\"768\" data-id=\"40893\"  src=\"https:\/\/www.obispado-mdp.org.ar\/a\/wp-content\/uploads\/2023\/07\/5db9bd4d-b584-4d7d-a7e1-8321d3811425-1024x768.jpg\" alt=\"\" class=\"wp-image-40893\"\/><\/figure>\n\n\n\n<figure class=\"wp-block-image size-large\"><img loading=\"lazy\" width=\"1024\" height=\"768\" data-id=\"40887\"  src=\"https:\/\/www.obispado-mdp.org.ar\/a\/wp-content\/uploads\/2023\/07\/5325b97a-569a-4186-a478-42175ca49567-1024x768.jpg\" alt=\"\" class=\"wp-image-40887\"\/><\/figure>\n\n\n\n<figure class=\"wp-block-image size-large\"><img loading=\"lazy\" width=\"1024\" height=\"768\" data-id=\"40891\"  src=\"https:\/\/www.obispado-mdp.org.ar\/a\/wp-content\/uploads\/2023\/07\/da8b618b-d2f4-42e0-bde0-9f1f268186fa-1024x768.jpg\" alt=\"\" class=\"wp-image-40891\"\/><\/figure>\n\n\n\n<figure class=\"wp-block-image size-large\"><img loading=\"lazy\" width=\"768\" height=\"1024\" data-id=\"40889\"  src=\"https:\/\/www.obispado-mdp.org.ar\/a\/wp-content\/uploads\/2023\/07\/f514536d-35a8-4bd8-a2d9-51ffc5ca3b9f-768x1024.jpg\" alt=\"\" class=\"wp-image-40889\"\/><\/figure>\n<\/figure>\n","protected":false},"excerpt":{"rendered":"<p>El padre Obispo Gabriel presidi\u00f3 hoy la eucarist\u00eda por el barrendero y sacerdote Mauricio Silva, en un nuevo aniversario de su secuestro y desaparici\u00f3n en 1977. La misa se realiz\u00f3 en el Santuario Nuestra Se\u00f1ora de Lujan de la Hna. Marta. Participaron miembros de esa comunidad junto a los referentes, trabajadores de la econom\u00eda popular, [&hellip;]<\/p>\n","protected":false},"author":4,"featured_media":40894,"comment_status":"open","ping_status":"open","sticky":false,"template":"","format":"standard","meta":{"_et_pb_use_builder":"","_et_pb_old_content":"","_et_gb_content_width":""},"categories":[4,11],"tags":[],"aioseo_notices":[],"_links":{"self":[{"href":"https:\/\/www.obispado-mdp.org.ar\/a\/wp-json\/wp\/v2\/posts\/40886"}],"collection":[{"href":"https:\/\/www.obispado-mdp.org.ar\/a\/wp-json\/wp\/v2\/posts"}],"about":[{"href":"https:\/\/www.obispado-mdp.org.ar\/a\/wp-json\/wp\/v2\/types\/post"}],"author":[{"embeddable":true,"href":"https:\/\/www.obispado-mdp.org.ar\/a\/wp-json\/wp\/v2\/users\/4"}],"replies":[{"embeddable":true,"href":"https:\/\/www.obispado-mdp.org.ar\/a\/wp-json\/wp\/v2\/comments?post=40886"}],"version-history":[{"count":2,"href":"https:\/\/www.obispado-mdp.org.ar\/a\/wp-json\/wp\/v2\/posts\/40886\/revisions"}],"predecessor-version":[{"id":40896,"href":"https:\/\/www.obispado-mdp.org.ar\/a\/wp-json\/wp\/v2\/posts\/40886\/revisions\/40896"}],"wp:featuredmedia":[{"embeddable":true,"href":"https:\/\/www.obispado-mdp.org.ar\/a\/wp-json\/wp\/v2\/media\/40894"}],"wp:attachment":[{"href":"https:\/\/www.obispado-mdp.org.ar\/a\/wp-json\/wp\/v2\/media?parent=40886"}],"wp:term":[{"taxonomy":"category","embeddable":true,"href":"https:\/\/www.obispado-mdp.org.ar\/a\/wp-json\/wp\/v2\/categories?post=40886"},{"taxonomy":"post_tag","embeddable":true,"href":"https:\/\/www.obispado-mdp.org.ar\/a\/wp-json\/wp\/v2\/tags?post=40886"}],"curies":[{"name":"wp","href":"https:\/\/api.w.org\/{rel}","templated":true}]}}