{"id":40897,"date":"2023-07-05T18:11:57","date_gmt":"2023-07-05T21:11:57","guid":{"rendered":"https:\/\/www.obispado-mdp.org.ar\/a\/?p=40897"},"modified":"2023-07-05T18:12:05","modified_gmt":"2023-07-05T21:12:05","slug":"el-obispo-inauguro-gimnasio-en-gesell","status":"publish","type":"post","link":"https:\/\/www.obispado-mdp.org.ar\/a\/el-obispo-inauguro-gimnasio-en-gesell\/","title":{"rendered":"EL OBISPO INAUGUR\u00d3 GIMNASIO EN GESELL."},"content":{"rendered":"\n<p class=\"has-pale-cyan-blue-background-color has-background\"><strong>Con la bendici\u00f3n del padre obispo Gabriel qued\u00f3 inaugurado el gimnasio cubierto del Instituto Episcopal \u00abAnna B\u00f6ttger de Gesell \u00bb de Villa Gesell junto a toda la comunidad educativa.<\/strong><\/p>\n\n\n\n<p>Presidi\u00f3 la ceremonia inaugural con una Misa Monse\u00f1or Gabriel Mestre, acompa\u00f1ado por los Pbros. Pablo Etchepareborda, Juan Cruz Menilli y Pablo Bosisio. Asistieron las autoridades de la JUREC diocesana, autoridades municipales y las inspectoras jefes distritales de gesti\u00f3n privada y gesti\u00f3n estatal, junto a la totalidad del cuerpo de inspectores de la regi\u00f3n.<br><br>Los Representantes Legales de la instituci\u00f3n, Dra. Mara Casademunt y Lic. Rub\u00e9n Primo Fern\u00e1ndez entregaron reconocimientos a los encargados de finalizar la obra, de 800 m2 que se constituye en uno de los lugares educativos cubiertos m\u00e1s grandes de la localidad.<\/p>\n\n\n\n<p>Finalmente el presidente de la JuREC, Cr. Javier S\u00e1nchez, puso de resalto la importancia del emprendimiento y el car\u00e1cter sinodal del mismo.<\/p>\n\n\n\n<figure class=\"wp-container-2 wp-block-gallery-1 wp-block-gallery has-nested-images columns-default is-cropped\">\n<figure class=\"wp-block-image size-large\"><img loading=\"lazy\" width=\"1024\" height=\"576\" data-id=\"40898\"  src=\"https:\/\/www.obispado-mdp.org.ar\/a\/wp-content\/uploads\/2023\/07\/8ec71e3c-0311-4931-a4c6-64501f8919a0-1024x576.jpg\" alt=\"\" class=\"wp-image-40898\"\/><\/figure>\n\n\n\n<figure class=\"wp-block-image size-large\"><img loading=\"lazy\" width=\"1024\" height=\"576\" data-id=\"40901\"  src=\"https:\/\/www.obispado-mdp.org.ar\/a\/wp-content\/uploads\/2023\/07\/14e284da-cf02-49b9-939f-8a36438ddfb6-1024x576.jpg\" alt=\"\" class=\"wp-image-40901\"\/><\/figure>\n\n\n\n<figure class=\"wp-block-image size-large\"><img loading=\"lazy\" width=\"1024\" height=\"576\" data-id=\"40900\"  src=\"https:\/\/www.obispado-mdp.org.ar\/a\/wp-content\/uploads\/2023\/07\/066c1799-c931-445e-825d-c12dc78e4bb0-1024x576.jpg\" alt=\"\" class=\"wp-image-40900\"\/><\/figure>\n\n\n\n<figure class=\"wp-block-image size-large\"><img loading=\"lazy\" width=\"1024\" height=\"576\" data-id=\"40902\"  src=\"https:\/\/www.obispado-mdp.org.ar\/a\/wp-content\/uploads\/2023\/07\/297eebdb-30bc-488e-872e-bddff108481a-1024x576.jpg\" alt=\"\" class=\"wp-image-40902\"\/><\/figure>\n\n\n\n<figure class=\"wp-block-image size-large\"><img loading=\"lazy\" width=\"1024\" height=\"576\" data-id=\"40905\"  src=\"https:\/\/www.obispado-mdp.org.ar\/a\/wp-content\/uploads\/2023\/07\/860a81e4-fbfc-4107-9710-8a7c09cf8d74-1024x576.jpg\" alt=\"\" class=\"wp-image-40905\"\/><\/figure>\n\n\n\n<figure class=\"wp-block-image size-large\"><img loading=\"lazy\" width=\"1024\" height=\"576\" data-id=\"40904\"  src=\"https:\/\/www.obispado-mdp.org.ar\/a\/wp-content\/uploads\/2023\/07\/a6c377ea-99f3-4c21-9f75-4a13893b668b-1024x576.jpg\" alt=\"\" class=\"wp-image-40904\"\/><\/figure>\n\n\n\n<figure class=\"wp-block-image size-large\"><img loading=\"lazy\" width=\"1024\" height=\"576\" data-id=\"40899\"  src=\"https:\/\/www.obispado-mdp.org.ar\/a\/wp-content\/uploads\/2023\/07\/afe3f37c-1e3d-4343-bb3f-8ad410e4e1ff-1024x576.jpg\" alt=\"\" class=\"wp-image-40899\"\/><\/figure>\n\n\n\n<figure class=\"wp-block-image size-large\"><img loading=\"lazy\" width=\"1024\" height=\"576\" data-id=\"40903\"  src=\"https:\/\/www.obispado-mdp.org.ar\/a\/wp-content\/uploads\/2023\/07\/d3e55dc9-01da-43d9-b351-b7ba8a506c89-1024x576.jpg\" alt=\"\" class=\"wp-image-40903\"\/><\/figure>\n<\/figure>\n","protected":false},"excerpt":{"rendered":"<p>Con la bendici\u00f3n del padre obispo Gabriel qued\u00f3 inaugurado el gimnasio cubierto del Instituto Episcopal \u00abAnna B\u00f6ttger de Gesell \u00bb de Villa Gesell junto a toda la comunidad educativa. Presidi\u00f3 la ceremonia inaugural con una Misa Monse\u00f1or Gabriel Mestre, acompa\u00f1ado por los Pbros. Pablo Etchepareborda, Juan Cruz Menilli y Pablo Bosisio. Asistieron las autoridades de [&hellip;]<\/p>\n","protected":false},"author":4,"featured_media":40906,"comment_status":"open","ping_status":"open","sticky":false,"template":"","format":"standard","meta":{"_et_pb_use_builder":"","_et_pb_old_content":"","_et_gb_content_width":""},"categories":[4,7],"tags":[],"aioseo_notices":[],"_links":{"self":[{"href":"https:\/\/www.obispado-mdp.org.ar\/a\/wp-json\/wp\/v2\/posts\/40897"}],"collection":[{"href":"https:\/\/www.obispado-mdp.org.ar\/a\/wp-json\/wp\/v2\/posts"}],"about":[{"href":"https:\/\/www.obispado-mdp.org.ar\/a\/wp-json\/wp\/v2\/types\/post"}],"author":[{"embeddable":true,"href":"https:\/\/www.obispado-mdp.org.ar\/a\/wp-json\/wp\/v2\/users\/4"}],"replies":[{"embeddable":true,"href":"https:\/\/www.obispado-mdp.org.ar\/a\/wp-json\/wp\/v2\/comments?post=40897"}],"version-history":[{"count":1,"href":"https:\/\/www.obispado-mdp.org.ar\/a\/wp-json\/wp\/v2\/posts\/40897\/revisions"}],"predecessor-version":[{"id":40907,"href":"https:\/\/www.obispado-mdp.org.ar\/a\/wp-json\/wp\/v2\/posts\/40897\/revisions\/40907"}],"wp:featuredmedia":[{"embeddable":true,"href":"https:\/\/www.obispado-mdp.org.ar\/a\/wp-json\/wp\/v2\/media\/40906"}],"wp:attachment":[{"href":"https:\/\/www.obispado-mdp.org.ar\/a\/wp-json\/wp\/v2\/media?parent=40897"}],"wp:term":[{"taxonomy":"category","embeddable":true,"href":"https:\/\/www.obispado-mdp.org.ar\/a\/wp-json\/wp\/v2\/categories?post=40897"},{"taxonomy":"post_tag","embeddable":true,"href":"https:\/\/www.obispado-mdp.org.ar\/a\/wp-json\/wp\/v2\/tags?post=40897"}],"curies":[{"name":"wp","href":"https:\/\/api.w.org\/{rel}","templated":true}]}}