{"id":40910,"date":"2023-07-07T09:39:49","date_gmt":"2023-07-07T12:39:49","guid":{"rendered":"https:\/\/www.obispado-mdp.org.ar\/a\/?p=40910"},"modified":"2023-07-07T09:39:51","modified_gmt":"2023-07-07T12:39:51","slug":"visita-del-padre-obispo-a-ramon-santamarina","status":"publish","type":"post","link":"https:\/\/www.obispado-mdp.org.ar\/a\/visita-del-padre-obispo-a-ramon-santamarina\/","title":{"rendered":"VISITA DEL PADRE OBISPO A RAMON SANTAMARINA."},"content":{"rendered":"\n<p class=\"has-pale-cyan-blue-background-color has-background\"><strong>El padre obispo Gabriel Mestre presidi\u00f3 la Eucarist\u00eda en la parroquia Nuestra Se\u00f1ora del Perpetuo Socorro de la localidad de Ram\u00f3n Santamarina, partido de Necochea, en el l\u00edmite con la arquidi\u00f3cesis de Bah\u00eda Blanca. <\/strong><\/p>\n\n\n\n<p>Esta comunidad, una de las m\u00e1s alejadas de la sede episcopal ya que se encuentra a 198 km de Mar del Plata, recibi\u00f3 c\u00e1lidamente la visita apost\u00f3lica del padre obispo para celebrar la fiesta de la Virgen del Perpetuo Socorro y comparti\u00f3 junto al P Alejo Contini, p\u00e1rroco de la parroquia Nuestra Se\u00f1ora de Lujan de La Dulce, un tiempo de encuentro con los catequistas, los ni\u00f1os y ni\u00f1as de la catequesis y los adultos de la comunidad. Estuvo presente el delegado municipal de Ram\u00f3n Santamarina Hugo Haag y vecinos de la ciudad.<\/p>\n\n\n\n<figure class=\"wp-container-2 wp-block-gallery-1 wp-block-gallery has-nested-images columns-default is-cropped\">\n<figure class=\"wp-block-image size-large\"><img loading=\"lazy\" width=\"1024\" height=\"576\" data-id=\"40911\"  src=\"https:\/\/www.obispado-mdp.org.ar\/a\/wp-content\/uploads\/2023\/07\/8dbb4224-50d6-44ab-b5cf-81c0bc7616e6-copia-1024x576.jpg\" alt=\"\" class=\"wp-image-40911\"\/><\/figure>\n\n\n\n<figure class=\"wp-block-image size-large\"><img loading=\"lazy\" width=\"768\" height=\"1024\" data-id=\"40914\"  src=\"https:\/\/www.obispado-mdp.org.ar\/a\/wp-content\/uploads\/2023\/07\/46d43f85-cb61-4900-84bb-694f1cbd2156-copia-768x1024.jpg\" alt=\"\" class=\"wp-image-40914\"\/><\/figure>\n\n\n\n<figure class=\"wp-block-image size-large\"><img loading=\"lazy\" width=\"1024\" height=\"576\" data-id=\"40915\"  src=\"https:\/\/www.obispado-mdp.org.ar\/a\/wp-content\/uploads\/2023\/07\/adb12bd0-3a18-4149-a882-8c9a1946a9c5-copia-1024x576.jpg\" alt=\"\" class=\"wp-image-40915\"\/><\/figure>\n\n\n\n<figure class=\"wp-block-image size-large\"><img loading=\"lazy\" width=\"1024\" height=\"768\" data-id=\"40916\"  src=\"https:\/\/www.obispado-mdp.org.ar\/a\/wp-content\/uploads\/2023\/07\/ba17f000-7079-4028-a118-2f8e47fa6983-copia-1024x768.jpg\" alt=\"\" class=\"wp-image-40916\"\/><\/figure>\n\n\n\n<figure class=\"wp-block-image size-large\"><img loading=\"lazy\" width=\"453\" height=\"713\" data-id=\"40912\"  src=\"https:\/\/www.obispado-mdp.org.ar\/a\/wp-content\/uploads\/2023\/07\/bff5d8df-b2a7-4226-b995-3e4eb3995a5a-2-copia.jpg\" alt=\"\" class=\"wp-image-40912\"\/><\/figure>\n\n\n\n<figure class=\"wp-block-image size-large\"><img loading=\"lazy\" width=\"1024\" height=\"524\" data-id=\"40913\"  src=\"https:\/\/www.obispado-mdp.org.ar\/a\/wp-content\/uploads\/2023\/07\/cf596ea6-68b5-4129-9c8b-f2a05edaf5e7-copia-1024x524.jpg\" alt=\"\" class=\"wp-image-40913\"\/><\/figure>\n<\/figure>\n","protected":false},"excerpt":{"rendered":"<p>El padre obispo Gabriel Mestre presidi\u00f3 la Eucarist\u00eda en la parroquia Nuestra Se\u00f1ora del Perpetuo Socorro de la localidad de Ram\u00f3n Santamarina, partido de Necochea, en el l\u00edmite con la arquidi\u00f3cesis de Bah\u00eda Blanca. Esta comunidad, una de las m\u00e1s alejadas de la sede episcopal ya que se encuentra a 198 km de Mar del [&hellip;]<\/p>\n","protected":false},"author":4,"featured_media":40917,"comment_status":"open","ping_status":"open","sticky":false,"template":"","format":"standard","meta":{"_et_pb_use_builder":"","_et_pb_old_content":"","_et_gb_content_width":""},"categories":[4,9],"tags":[],"aioseo_notices":[],"_links":{"self":[{"href":"https:\/\/www.obispado-mdp.org.ar\/a\/wp-json\/wp\/v2\/posts\/40910"}],"collection":[{"href":"https:\/\/www.obispado-mdp.org.ar\/a\/wp-json\/wp\/v2\/posts"}],"about":[{"href":"https:\/\/www.obispado-mdp.org.ar\/a\/wp-json\/wp\/v2\/types\/post"}],"author":[{"embeddable":true,"href":"https:\/\/www.obispado-mdp.org.ar\/a\/wp-json\/wp\/v2\/users\/4"}],"replies":[{"embeddable":true,"href":"https:\/\/www.obispado-mdp.org.ar\/a\/wp-json\/wp\/v2\/comments?post=40910"}],"version-history":[{"count":1,"href":"https:\/\/www.obispado-mdp.org.ar\/a\/wp-json\/wp\/v2\/posts\/40910\/revisions"}],"predecessor-version":[{"id":40918,"href":"https:\/\/www.obispado-mdp.org.ar\/a\/wp-json\/wp\/v2\/posts\/40910\/revisions\/40918"}],"wp:featuredmedia":[{"embeddable":true,"href":"https:\/\/www.obispado-mdp.org.ar\/a\/wp-json\/wp\/v2\/media\/40917"}],"wp:attachment":[{"href":"https:\/\/www.obispado-mdp.org.ar\/a\/wp-json\/wp\/v2\/media?parent=40910"}],"wp:term":[{"taxonomy":"category","embeddable":true,"href":"https:\/\/www.obispado-mdp.org.ar\/a\/wp-json\/wp\/v2\/categories?post=40910"},{"taxonomy":"post_tag","embeddable":true,"href":"https:\/\/www.obispado-mdp.org.ar\/a\/wp-json\/wp\/v2\/tags?post=40910"}],"curies":[{"name":"wp","href":"https:\/\/api.w.org\/{rel}","templated":true}]}}