{"id":40920,"date":"2023-07-11T09:29:01","date_gmt":"2023-07-11T12:29:01","guid":{"rendered":"https:\/\/www.obispado-mdp.org.ar\/a\/?p=40920"},"modified":"2023-07-11T09:36:02","modified_gmt":"2023-07-11T12:36:02","slug":"los-jovenes-de-la-diocesis-rumbo-a-lisboa","status":"publish","type":"post","link":"https:\/\/www.obispado-mdp.org.ar\/a\/los-jovenes-de-la-diocesis-rumbo-a-lisboa\/","title":{"rendered":"LOS J\u00d3VENES DE LA DI\u00d3CESIS RUMBO A LISBOA."},"content":{"rendered":"\n<p class=\"has-pale-cyan-blue-background-color has-background\"><strong>En la catedral de Mar del Plata, Mons. Mestre presidi\u00f3 la misa de env\u00edo de los j\u00f3venes de nuestra di\u00f3cesis que participar\u00e1n de la Jornada Mundial de la Juventud en Lisboa, Portugal.<\/strong><\/p>\n\n\n\n<p>Los mismos fueron acompa\u00f1ados por sus familiares quienes se acercaron a compartir a la Catedral en este emotivo momento.<\/p>\n\n\n\n<p>La Jornada Mundial de la Juventud (JMJ)&nbsp;es un encuentro de j\u00f3venes de todo el mundo con el Papa Francisco. Adem\u00e1s&nbsp;es una peregrinaci\u00f3n, una fiesta de la juventud, una expresi\u00f3n de la Iglesia universal y un fuerte momento de evangelizaci\u00f3n del mundo juvenil.&nbsp;Se realizar\u00e1 el Lisboa desde el 1 al 6 de agosto pr\u00f3ximo.<\/p>\n\n\n\n<p><strong>Homilia<\/strong><\/p>\n\n\n\n<p>En su homil\u00eda el obispo reflexiono en base a la primer lectura, donde Jacob emprende un viaje y expresa \u00bbSi Dios est\u00e1 conmigo, si me cuida en el viaje que estoy haciendo, si me da pan para comer y ropa para vestirme, si vuelvo sano y salvo a la casa de mi padre, entonces el Se\u00f1or ser\u00e1 mi Dios y esta piedra que he colocado como memorial, ser\u00e1 casa de Dios\u201d. Mons. Gabriel invito a los j\u00f3venes que en estos d\u00edas parten rumbo a Lisboa a que puedan como Jacob vivir esta experiencia de encuentro como un verdadero camino de anuncio de la alegr\u00eda de vivir en Cristo.<\/p>\n\n\n\n<p>Al momento de las ofrendas, junto al pan y al vino, los j\u00f3venes acercaron un olivo como signo de paz y como una invitaci\u00f3n realizada por la organizaci\u00f3n de la JMJ Lisboa 2023 para todos los peregrinos que asistir\u00e1n al evento.<\/p>\n\n\n\n<p>Cr\u00f3nica Federico Desteffaniz<\/p>\n\n\n\n<figure class=\"wp-container-2 wp-block-gallery-1 wp-block-gallery has-nested-images columns-default is-cropped\">\n<figure class=\"wp-block-image size-large\"><img loading=\"lazy\" width=\"447\" height=\"283\" data-id=\"40921\"  src=\"https:\/\/www.obispado-mdp.org.ar\/a\/wp-content\/uploads\/2023\/07\/4104c2da-8914-49b6-8681-0374ea7252e0-2.jpg\" alt=\"\" class=\"wp-image-40921\"\/><\/figure>\n\n\n\n<figure class=\"wp-block-image size-large\"><img loading=\"lazy\" width=\"1024\" height=\"768\" data-id=\"40923\"  src=\"https:\/\/www.obispado-mdp.org.ar\/a\/wp-content\/uploads\/2023\/07\/cfd6dbfd-98cc-44bd-80c9-0984c189265e-1024x768.jpg\" alt=\"\" class=\"wp-image-40923\"\/><\/figure>\n\n\n\n<figure class=\"wp-block-image size-large\"><img loading=\"lazy\" width=\"1024\" height=\"768\" data-id=\"40922\"  src=\"https:\/\/www.obispado-mdp.org.ar\/a\/wp-content\/uploads\/2023\/07\/f71b6900-5ab4-473d-994f-8c7e15db2e62-1024x768.jpg\" alt=\"\" class=\"wp-image-40922\"\/><\/figure>\n<\/figure>\n","protected":false},"excerpt":{"rendered":"<p>En la catedral de Mar del Plata, Mons. Mestre presidi\u00f3 la misa de env\u00edo de los j\u00f3venes de nuestra di\u00f3cesis que participar\u00e1n de la Jornada Mundial de la Juventud en Lisboa, Portugal. Los mismos fueron acompa\u00f1ados por sus familiares quienes se acercaron a compartir a la Catedral en este emotivo momento. La Jornada Mundial de [&hellip;]<\/p>\n","protected":false},"author":4,"featured_media":40924,"comment_status":"open","ping_status":"open","sticky":false,"template":"","format":"standard","meta":{"_et_pb_use_builder":"","_et_pb_old_content":"","_et_gb_content_width":""},"categories":[4,9],"tags":[],"aioseo_notices":[],"_links":{"self":[{"href":"https:\/\/www.obispado-mdp.org.ar\/a\/wp-json\/wp\/v2\/posts\/40920"}],"collection":[{"href":"https:\/\/www.obispado-mdp.org.ar\/a\/wp-json\/wp\/v2\/posts"}],"about":[{"href":"https:\/\/www.obispado-mdp.org.ar\/a\/wp-json\/wp\/v2\/types\/post"}],"author":[{"embeddable":true,"href":"https:\/\/www.obispado-mdp.org.ar\/a\/wp-json\/wp\/v2\/users\/4"}],"replies":[{"embeddable":true,"href":"https:\/\/www.obispado-mdp.org.ar\/a\/wp-json\/wp\/v2\/comments?post=40920"}],"version-history":[{"count":1,"href":"https:\/\/www.obispado-mdp.org.ar\/a\/wp-json\/wp\/v2\/posts\/40920\/revisions"}],"predecessor-version":[{"id":40925,"href":"https:\/\/www.obispado-mdp.org.ar\/a\/wp-json\/wp\/v2\/posts\/40920\/revisions\/40925"}],"wp:featuredmedia":[{"embeddable":true,"href":"https:\/\/www.obispado-mdp.org.ar\/a\/wp-json\/wp\/v2\/media\/40924"}],"wp:attachment":[{"href":"https:\/\/www.obispado-mdp.org.ar\/a\/wp-json\/wp\/v2\/media?parent=40920"}],"wp:term":[{"taxonomy":"category","embeddable":true,"href":"https:\/\/www.obispado-mdp.org.ar\/a\/wp-json\/wp\/v2\/categories?post=40920"},{"taxonomy":"post_tag","embeddable":true,"href":"https:\/\/www.obispado-mdp.org.ar\/a\/wp-json\/wp\/v2\/tags?post=40920"}],"curies":[{"name":"wp","href":"https:\/\/api.w.org\/{rel}","templated":true}]}}