{"id":40926,"date":"2023-07-12T12:58:01","date_gmt":"2023-07-12T15:58:01","guid":{"rendered":"https:\/\/www.obispado-mdp.org.ar\/a\/?p=40926"},"modified":"2023-07-12T12:58:06","modified_gmt":"2023-07-12T15:58:06","slug":"40926-2","status":"publish","type":"post","link":"https:\/\/www.obispado-mdp.org.ar\/a\/40926-2\/","title":{"rendered":""},"content":{"rendered":"\n<p class=\"has-black-color has-pale-cyan-blue-background-color has-text-color has-background\"><strong>NOS PREPARAMOS PARA LA GRAN MISI\u00d3N DIOCESANA.<\/strong><br><strong>Desde el Secretariado de Evangelizaci\u00f3n Renovada nos invitan a movilizarnos para la Gran Misi\u00f3n Diocesana que se realizar\u00e1 entre el 23 de septiembre y el 8 de octubre en todo el territorio de la di\u00f3cesis.<\/strong><\/p>\n\n\n\n<p>Todas las comunidades diocesanas se preparan para la Gran Misi\u00f3n de la \u201cIglesia en salida\u201d, donde misionaremos casa por casa y en los espacios p\u00fablicos, con sus distintos formatos y destinatarios posibles.<\/p>\n\n\n\n<p>Cada comunidad elegir\u00e1 que d\u00edas saldr\u00e1 a misionar y qu\u00e9 tipo de misi\u00f3n va a llevar adelante. Tambi\u00e9n abordaremos una campa\u00f1a en redes, medios y v\u00eda p\u00fablica, como soporte para la misi\u00f3n, favoreciendo as\u00ed el conocimiento por parte de todos, de que la Iglesia Cat\u00f3lica de Mar del Plata estar\u00e1 en la calle.<\/p>\n\n\n\n<p>&nbsp;Les pedimos que nos etiqueten o nos hagan llegar fotos de c\u00f3mo est\u00e1n avanzando con la misi\u00f3n en su comunidad, y tambi\u00e9n de los d\u00edas de misi\u00f3n, para que desde nuestras redes del Secretariado de Evangelizaci\u00f3n Renovada, podamos compartir todo lo que hace nuestra Iglesia Diocesana y sea un formato m\u00e1s de Evangelizaci\u00f3n y de contagiar a todas las comunidades el esp\u00edritu misionero.<\/p>\n","protected":false},"excerpt":{"rendered":"<p>NOS PREPARAMOS PARA LA GRAN MISI\u00d3N DIOCESANA.Desde el Secretariado de Evangelizaci\u00f3n Renovada nos invitan a movilizarnos para la Gran Misi\u00f3n Diocesana que se realizar\u00e1 entre el 23 de septiembre y el 8 de octubre en todo el territorio de la di\u00f3cesis. Todas las comunidades diocesanas se preparan para la Gran Misi\u00f3n de la \u201cIglesia en [&hellip;]<\/p>\n","protected":false},"author":4,"featured_media":40927,"comment_status":"open","ping_status":"open","sticky":false,"template":"","format":"standard","meta":{"_et_pb_use_builder":"","_et_pb_old_content":"","_et_gb_content_width":""},"categories":[11,12],"tags":[],"aioseo_notices":[],"_links":{"self":[{"href":"https:\/\/www.obispado-mdp.org.ar\/a\/wp-json\/wp\/v2\/posts\/40926"}],"collection":[{"href":"https:\/\/www.obispado-mdp.org.ar\/a\/wp-json\/wp\/v2\/posts"}],"about":[{"href":"https:\/\/www.obispado-mdp.org.ar\/a\/wp-json\/wp\/v2\/types\/post"}],"author":[{"embeddable":true,"href":"https:\/\/www.obispado-mdp.org.ar\/a\/wp-json\/wp\/v2\/users\/4"}],"replies":[{"embeddable":true,"href":"https:\/\/www.obispado-mdp.org.ar\/a\/wp-json\/wp\/v2\/comments?post=40926"}],"version-history":[{"count":1,"href":"https:\/\/www.obispado-mdp.org.ar\/a\/wp-json\/wp\/v2\/posts\/40926\/revisions"}],"predecessor-version":[{"id":40928,"href":"https:\/\/www.obispado-mdp.org.ar\/a\/wp-json\/wp\/v2\/posts\/40926\/revisions\/40928"}],"wp:featuredmedia":[{"embeddable":true,"href":"https:\/\/www.obispado-mdp.org.ar\/a\/wp-json\/wp\/v2\/media\/40927"}],"wp:attachment":[{"href":"https:\/\/www.obispado-mdp.org.ar\/a\/wp-json\/wp\/v2\/media?parent=40926"}],"wp:term":[{"taxonomy":"category","embeddable":true,"href":"https:\/\/www.obispado-mdp.org.ar\/a\/wp-json\/wp\/v2\/categories?post=40926"},{"taxonomy":"post_tag","embeddable":true,"href":"https:\/\/www.obispado-mdp.org.ar\/a\/wp-json\/wp\/v2\/tags?post=40926"}],"curies":[{"name":"wp","href":"https:\/\/api.w.org\/{rel}","templated":true}]}}