{"id":40932,"date":"2023-07-14T16:23:35","date_gmt":"2023-07-14T19:23:35","guid":{"rendered":"https:\/\/www.obispado-mdp.org.ar\/a\/?p=40932"},"modified":"2023-07-14T16:24:43","modified_gmt":"2023-07-14T19:24:43","slug":"mensaje-del-padre-obispo-por-el-aniversario-de-la-amia","status":"publish","type":"post","link":"https:\/\/www.obispado-mdp.org.ar\/a\/mensaje-del-padre-obispo-por-el-aniversario-de-la-amia\/","title":{"rendered":"MENSAJE DEL PADRE OBISPO POR EL ANIVERSARIO DE LA AMIA."},"content":{"rendered":"\n<p><\/p>\n\n\n\n<p class=\"has-pale-cyan-blue-background-color has-background\"><strong>El obispo Gabriel Mestre envio un mensaje a la comunidad que fue presentado por los miembros de la Pastoral de Ecumenismo y Di\u00e1logo Interreligioso ante los integrantes del Consejo Deliberante por un nuevo aniversario del atentado a la AMIA<\/strong>.<\/p>\n\n\n\n<p>Mar del Plata, viernes 14 de julio de 2023<\/p>\n\n\n\n<p>Queridas hermanas y queridos hermanos de la comunidad jud\u00eda de Mar del Plata:<\/p>\n\n\n\n<p>El pr\u00f3ximo martes 18 de julio de 2023 conmemoramos un nuevo aniversario del cruel y doloroso atentado a la sede de AMIA en Buenos Aires. La Biblia Hebrea nos recuerda que \u201cLa obra de la justicia ser\u00e1 la paz, y el fruto de la justicia, la tranquilidad y la seguridad para siempre\u201d (Yeshayahu 32,17). Pido con ustedes y junto a ustedes la justicia necesaria para poder reparar, aunque sea siempre de forma limitada, el sufrimiento que abrazan las familias y los amigos que han perdido a sus seres queridos en aquel d\u00eda oscuro de nuestra Patria en el a\u00f1o 1994. Necesitamos de la justicia para que realmente reine la paz y la tranquilidad para siempre como nos dice la Palabra que acabo de compartir en la com\u00fan tradici\u00f3n judeo-cristiana.<\/p>\n\n\n\n<p>Como obispo cat\u00f3lico de la Di\u00f3cesis de Mar del Plata me hago presente con mi afecto y oraci\u00f3n de hermano en la fe. Que todos los creyentes en el Dios de la paz y la justicia podamos siempre hacer nuestro aporte com\u00fan para que en el mundo podamos crecer siempre en justicia y en paz.<\/p>\n\n\n\n<p>Los saludo con afecto de hermano y amigo.<\/p>\n\n\n\n<p>+Mons. Gabriel Mestre<br>Obispo de Mar del Plata<\/p>\n\n\n\n<figure class=\"wp-block-image size-full\"><img loading=\"lazy\" width=\"352\" height=\"495\" src=\"https:\/\/www.obispado-mdp.org.ar\/a\/wp-content\/uploads\/2023\/07\/aniversario-AMIA.png\" alt=\"\" class=\"wp-image-40933\"\/><\/figure>\n","protected":false},"excerpt":{"rendered":"<p>El obispo Gabriel Mestre envio un mensaje a la comunidad que fue presentado por los miembros de la Pastoral de Ecumenismo y Di\u00e1logo Interreligioso ante los integrantes del Consejo Deliberante por un nuevo aniversario del atentado a la AMIA. Mar del Plata, viernes 14 de julio de 2023 Queridas hermanas y queridos hermanos de la [&hellip;]<\/p>\n","protected":false},"author":4,"featured_media":0,"comment_status":"open","ping_status":"open","sticky":false,"template":"","format":"standard","meta":{"_et_pb_use_builder":"","_et_pb_old_content":"","_et_gb_content_width":""},"categories":[4,9],"tags":[],"aioseo_notices":[],"_links":{"self":[{"href":"https:\/\/www.obispado-mdp.org.ar\/a\/wp-json\/wp\/v2\/posts\/40932"}],"collection":[{"href":"https:\/\/www.obispado-mdp.org.ar\/a\/wp-json\/wp\/v2\/posts"}],"about":[{"href":"https:\/\/www.obispado-mdp.org.ar\/a\/wp-json\/wp\/v2\/types\/post"}],"author":[{"embeddable":true,"href":"https:\/\/www.obispado-mdp.org.ar\/a\/wp-json\/wp\/v2\/users\/4"}],"replies":[{"embeddable":true,"href":"https:\/\/www.obispado-mdp.org.ar\/a\/wp-json\/wp\/v2\/comments?post=40932"}],"version-history":[{"count":3,"href":"https:\/\/www.obispado-mdp.org.ar\/a\/wp-json\/wp\/v2\/posts\/40932\/revisions"}],"predecessor-version":[{"id":40937,"href":"https:\/\/www.obispado-mdp.org.ar\/a\/wp-json\/wp\/v2\/posts\/40932\/revisions\/40937"}],"wp:attachment":[{"href":"https:\/\/www.obispado-mdp.org.ar\/a\/wp-json\/wp\/v2\/media?parent=40932"}],"wp:term":[{"taxonomy":"category","embeddable":true,"href":"https:\/\/www.obispado-mdp.org.ar\/a\/wp-json\/wp\/v2\/categories?post=40932"},{"taxonomy":"post_tag","embeddable":true,"href":"https:\/\/www.obispado-mdp.org.ar\/a\/wp-json\/wp\/v2\/tags?post=40932"}],"curies":[{"name":"wp","href":"https:\/\/api.w.org\/{rel}","templated":true}]}}