{"id":40938,"date":"2023-07-15T16:39:01","date_gmt":"2023-07-15T19:39:01","guid":{"rendered":"https:\/\/www.obispado-mdp.org.ar\/a\/?p=40938"},"modified":"2023-07-15T16:42:57","modified_gmt":"2023-07-15T19:42:57","slug":"el-padre-obispo-gabriel-participo-de-la-asuncion-de-garcia-cuerva-como-arzobispo-porteno-con-la-presencia-de-alberto-fernandez","status":"publish","type":"post","link":"https:\/\/www.obispado-mdp.org.ar\/a\/el-padre-obispo-gabriel-participo-de-la-asuncion-de-garcia-cuerva-como-arzobispo-porteno-con-la-presencia-de-alberto-fernandez\/","title":{"rendered":"El padre obispo Gabriel particip\u00f3 de la asunci\u00f3n de Garc\u00eda Cuerva como arzobispo porte\u00f1o."},"content":{"rendered":"\n<p class=\"has-pale-cyan-blue-background-color has-background\"><strong>Con una Misa realizada en la Plaza de Mayo y la Catedral de Buenos Aires comenz\u00f3 del ministerio pastoral de\u00a0<a href=\"https:\/\/www.a24.com\/actualidad\/el-pasado-como-cura-villero-jorge-garcia-cuerva-el-nuevo-arzobispo-buenos-aires-n1106540\" target=\"_blank\" rel=\"noreferrer noopener\">Jorge Garc\u00eda Cuerva<\/a>\u00a0como\u00a0nuevo arzobispo de Buenos Aires\u00a0 con la presencia del presidente\u00a0Alberto Fern\u00e1ndez, autoridades eclesiales y obispo de todo el pa\u00eds junto dirigentes pol\u00edticos y de diferentes \u00e1mbitos.<\/strong><\/p>\n\n\n\n<p>La ceremonia comenz\u00f3 a las 14 en el interior de la<strong> Catedral<\/strong> mientras que afuera,\u00a0<strong>en la Plaza de Mayo<\/strong>, se congregaron fieles porte\u00f1os y grupos de j\u00f3venes y estudiantes de diferentes parroquias de Buenos Aires. All\u00ed se realiz\u00f3 la profesi\u00f3n de fe y el\u00a0<strong>juramento de fidelidad de Garc\u00eda Cuerva<\/strong>; y luego el nuncio apost\u00f3lico, monse\u00f1or <strong>Miroslaw Adamczyk<\/strong>, le impuso el palio arzobispal que le fue entregado por el papa Francisco d\u00edas pasados.<\/p>\n\n\n\n<p>Luego, obispos y decenas de sacerdotes se trasladaron en procesi\u00f3n hacia el exterior de la catedral para dar inicio a la misa en la Plaza de Mayo, que fue concelebrada por el presidente del Episcopado, Oscar Ojea y prelados de todo el pa\u00eds.<\/p>\n\n\n\n<p>Sobre el altar dispuesto en la Plaza se dispuso el emblema episcopal de Garc\u00eda Cuerva que, con la frase&nbsp;<strong>\u00abNo apartes tu rostro del pobre\u00bb<\/strong>, est\u00e1 formado por cinco s\u00edmbolos: la cruz, el b\u00e1culo, la tierra, el techo de chapa -que refiere a las villas y la realidad de la pobreza- y la estrella.<\/p>\n\n\n\n<p>De&nbsp;<strong>55 a\u00f1os<\/strong>, Garc\u00eda Cuerva es considerado un obispo&nbsp;<strong>de gran saber acad\u00e9mico adem\u00e1s de contar con una profunda inserci\u00f3n pastoral<\/strong>, especialmente en el&nbsp;<strong>\u00e1mbito carcelario<\/strong>, y con una importante trayectoria social en los barrios populares del conurbano bonaerense.<\/p>\n\n\n\n<p>A fines de junio, el&nbsp;<strong>papa Francisco<\/strong>&nbsp;entreg\u00f3 el palio bendecido al nuevo arzobispo porte\u00f1o, en una ceremonia en la&nbsp;<strong>Bas\u00edlica de San Pedro<\/strong>&nbsp;en la que tambi\u00e9n anim\u00f3 a los responsables de arquidi\u00f3cesis de todo el mundo a trabajar \u00aben los barrios, en la sociedad civil, en la Iglesia y en la pol\u00edtica\u00bb.<\/p>\n\n\n\n<p>La designaci\u00f3n de Garc\u00eda Cuerva se conoci\u00f3 el pasado 26 de mayo,\u00a0luego de que el Vaticano aceptara la renuncia presentada por el cardenal Mario Poli, al haber cumplido 75 a\u00f1os -el 29 de noviembre de 2022 pasado- y lo designara administrador apost\u00f3lico de Buenos Aires, con las facultades de arzobispo arquidiocesano, hasta la toma de posesi\u00f3n can\u00f3nica de su sucesor. <\/p>\n\n\n\n<figure class=\"wp-container-2 wp-block-gallery-1 wp-block-gallery has-nested-images columns-default is-cropped\">\n<figure class=\"wp-block-image size-large\"><img loading=\"lazy\" width=\"886\" height=\"532\" data-id=\"40939\"  src=\"https:\/\/www.obispado-mdp.org.ar\/a\/wp-content\/uploads\/2023\/07\/garcia-curvas.jpg\" alt=\"\" class=\"wp-image-40939\"\/><\/figure>\n\n\n\n<figure class=\"wp-block-image size-large\"><img loading=\"lazy\" width=\"1024\" height=\"576\" data-id=\"40940\"  src=\"https:\/\/www.obispado-mdp.org.ar\/a\/wp-content\/uploads\/2023\/07\/garcia-curvas11-1024x576.jpg\" alt=\"\" class=\"wp-image-40940\"\/><\/figure>\n<\/figure>\n","protected":false},"excerpt":{"rendered":"<p>Con una Misa realizada en la Plaza de Mayo y la Catedral de Buenos Aires comenz\u00f3 del ministerio pastoral de\u00a0Jorge Garc\u00eda Cuerva\u00a0como\u00a0nuevo arzobispo de Buenos Aires\u00a0 con la presencia del presidente\u00a0Alberto Fern\u00e1ndez, autoridades eclesiales y obispo de todo el pa\u00eds junto dirigentes pol\u00edticos y de diferentes \u00e1mbitos. La ceremonia comenz\u00f3 a las 14 en el [&hellip;]<\/p>\n","protected":false},"author":4,"featured_media":40941,"comment_status":"open","ping_status":"open","sticky":false,"template":"","format":"standard","meta":{"_et_pb_use_builder":"","_et_pb_old_content":"","_et_gb_content_width":""},"categories":[3],"tags":[],"aioseo_notices":[],"_links":{"self":[{"href":"https:\/\/www.obispado-mdp.org.ar\/a\/wp-json\/wp\/v2\/posts\/40938"}],"collection":[{"href":"https:\/\/www.obispado-mdp.org.ar\/a\/wp-json\/wp\/v2\/posts"}],"about":[{"href":"https:\/\/www.obispado-mdp.org.ar\/a\/wp-json\/wp\/v2\/types\/post"}],"author":[{"embeddable":true,"href":"https:\/\/www.obispado-mdp.org.ar\/a\/wp-json\/wp\/v2\/users\/4"}],"replies":[{"embeddable":true,"href":"https:\/\/www.obispado-mdp.org.ar\/a\/wp-json\/wp\/v2\/comments?post=40938"}],"version-history":[{"count":2,"href":"https:\/\/www.obispado-mdp.org.ar\/a\/wp-json\/wp\/v2\/posts\/40938\/revisions"}],"predecessor-version":[{"id":40943,"href":"https:\/\/www.obispado-mdp.org.ar\/a\/wp-json\/wp\/v2\/posts\/40938\/revisions\/40943"}],"wp:featuredmedia":[{"embeddable":true,"href":"https:\/\/www.obispado-mdp.org.ar\/a\/wp-json\/wp\/v2\/media\/40941"}],"wp:attachment":[{"href":"https:\/\/www.obispado-mdp.org.ar\/a\/wp-json\/wp\/v2\/media?parent=40938"}],"wp:term":[{"taxonomy":"category","embeddable":true,"href":"https:\/\/www.obispado-mdp.org.ar\/a\/wp-json\/wp\/v2\/categories?post=40938"},{"taxonomy":"post_tag","embeddable":true,"href":"https:\/\/www.obispado-mdp.org.ar\/a\/wp-json\/wp\/v2\/tags?post=40938"}],"curies":[{"name":"wp","href":"https:\/\/api.w.org\/{rel}","templated":true}]}}