{"id":40944,"date":"2023-07-16T18:59:03","date_gmt":"2023-07-16T21:59:03","guid":{"rendered":"https:\/\/www.obispado-mdp.org.ar\/a\/?p=40944"},"modified":"2023-07-16T18:59:17","modified_gmt":"2023-07-16T21:59:17","slug":"fiesta-de-la-virgen-del-carmen-en-loberia","status":"publish","type":"post","link":"https:\/\/www.obispado-mdp.org.ar\/a\/fiesta-de-la-virgen-del-carmen-en-loberia\/","title":{"rendered":"FIESTA DE LA VIRGEN DEL CARMEN EN LOBERIA."},"content":{"rendered":"\n<p class=\"has-pale-cyan-blue-background-color has-background\"><strong>En la ma\u00f1ana de hoy se realiz\u00f3 la fiesta de Nuestra Se\u00f1ora del Carmen. El padre obispo diocesano Gabriel presidi\u00f3 la fiesta patronal de Loberia junto al p\u00e1rroco Julio Malla.<\/strong><\/p>\n\n\n\n<p>A pesar del clima fr\u00edo y lluvioso el cielo abri\u00f3 y permiti\u00f3 la presencia del sol haciendo posible una breve procesi\u00f3n por las calles de la ciudad. El obispo comparti\u00f3 el almuerzo comunitario y parti\u00f3 rumbo a <a href=\"https:\/\/www.facebook.com\/Necochea-106013569437023\/?__cft__[0]=AZXKZTYLcIQG7zvz5YG1fP-YTxAH8q54wFUVnrW4nS_pq6O3yQc58jqsSxkyoPpgDMjGsrIiLpRZ6n1rsFPJU6PmxfkXJ_CF1z91Dbz-4wJiEGPYvMZz_kSKAfEvPSdjLSGSsrQat1zvXlH9FYZBEyfnUYhgdeLvwgZPRkswtNHbXrx2sDF4X_ItJr2FWHXfblA&amp;__tn__=kK-R\">Necochea<\/a><\/p>\n\n\n\n<p><a href=\"https:\/\/www.facebook.com\/photo\/?fbid=673825134773252&amp;set=pcb.673825418106557&amp;__cft__[0]=AZXKZTYLcIQG7zvz5YG1fP-YTxAH8q54wFUVnrW4nS_pq6O3yQc58jqsSxkyoPpgDMjGsrIiLpRZ6n1rsFPJU6PmxfkXJ_CF1z91Dbz-4wJiEGPYvMZz_kSKAfEvPSdjLSGSsrQat1zvXlH9FYZBEyfnUYhgdeLvwgZPRkswtNHbXrx2sDF4X_ItJr2FWHXfblA&amp;__tn__=*bH-R\"><\/a><\/p>\n\n\n\n<figure class=\"wp-block-image\"><a href=\"https:\/\/www.facebook.com\/photo\/?fbid=673825134773252&amp;set=pcb.673825418106557&amp;__cft__[0]=AZXKZTYLcIQG7zvz5YG1fP-YTxAH8q54wFUVnrW4nS_pq6O3yQc58jqsSxkyoPpgDMjGsrIiLpRZ6n1rsFPJU6PmxfkXJ_CF1z91Dbz-4wJiEGPYvMZz_kSKAfEvPSdjLSGSsrQat1zvXlH9FYZBEyfnUYhgdeLvwgZPRkswtNHbXrx2sDF4X_ItJr2FWHXfblA&amp;__tn__=*bH-R\"><img src=\"https:\/\/scontent.fros8-1.fna.fbcdn.net\/v\/t39.30808-6\/361631956_673825434773222_3865248584271659036_n.jpg?stp=dst-jpg_s600x600&amp;_nc_cat=103&amp;ccb=1-7&amp;_nc_sid=8bfeb9&amp;_nc_eui2=AeH3vA_4JdfXIRmOLdHQbnUTz90ym7xAr9XP3TKbvECv1fYHSHoNG7VuBqgVfsTTaBK2ZTzIwlWOeCNohWI559Hr&amp;_nc_ohc=Rr85sjZ4RVEAX8avzYY&amp;_nc_oc=AQnyGt0PUsE_h6Zx6yYBC_9CwbI30wn2cvdry3cXwKLU7tDK_2Zs9sSwPSObGoDmLlI&amp;_nc_ht=scontent.fros8-1.fna&amp;oh=00_AfA51fMjLEvByutGUHuNg3j_7i8lNdGIEpiSRm_0ic_0aA&amp;oe=64B9BC75\" alt=\"\"\/><\/a><\/figure>\n\n\n\n<p><a href=\"https:\/\/www.facebook.com\/photo\/?fbid=673825188106580&amp;set=pcb.673825418106557&amp;__cft__[0]=AZXKZTYLcIQG7zvz5YG1fP-YTxAH8q54wFUVnrW4nS_pq6O3yQc58jqsSxkyoPpgDMjGsrIiLpRZ6n1rsFPJU6PmxfkXJ_CF1z91Dbz-4wJiEGPYvMZz_kSKAfEvPSdjLSGSsrQat1zvXlH9FYZBEyfnUYhgdeLvwgZPRkswtNHbXrx2sDF4X_ItJr2FWHXfblA&amp;__tn__=*bH-R\"><\/a><\/p>\n\n\n\n<figure class=\"wp-block-image\"><a href=\"https:\/\/www.facebook.com\/photo\/?fbid=673825188106580&amp;set=pcb.673825418106557&amp;__cft__[0]=AZXKZTYLcIQG7zvz5YG1fP-YTxAH8q54wFUVnrW4nS_pq6O3yQc58jqsSxkyoPpgDMjGsrIiLpRZ6n1rsFPJU6PmxfkXJ_CF1z91Dbz-4wJiEGPYvMZz_kSKAfEvPSdjLSGSsrQat1zvXlH9FYZBEyfnUYhgdeLvwgZPRkswtNHbXrx2sDF4X_ItJr2FWHXfblA&amp;__tn__=*bH-R\"><img src=\"https:\/\/scontent.fros8-1.fna.fbcdn.net\/v\/t39.30808-6\/361327071_673825504773215_2010603800362210513_n.jpg?stp=dst-jpg_s600x600&amp;_nc_cat=108&amp;ccb=1-7&amp;_nc_sid=8bfeb9&amp;_nc_eui2=AeEbYaydKDxH7w2gEZhUdMbefowLJi5pm89-jAsmLmmbz9_Z0ybKUgGtOhzYY0n1xcY-G3CUSxXvH0wC3Afm73Uy&amp;_nc_ohc=UBDs-ClBCncAX-KbI7d&amp;_nc_oc=AQke2J9E_3cXo10e6o2Xgv72va0iC2YQld6tEYDywKobFDtfjmDee-hnZ3j4za45dFY&amp;_nc_ht=scontent.fros8-1.fna&amp;oh=00_AfAvCaWcMH1yz-eyUIJ3jd92wogQb24JpSmvZmqUkUkGkQ&amp;oe=64B9807B\" alt=\"\"\/><\/a><\/figure>\n\n\n\n<p><a href=\"https:\/\/www.facebook.com\/photo\/?fbid=673825224773243&amp;set=pcb.673825418106557&amp;__cft__[0]=AZXKZTYLcIQG7zvz5YG1fP-YTxAH8q54wFUVnrW4nS_pq6O3yQc58jqsSxkyoPpgDMjGsrIiLpRZ6n1rsFPJU6PmxfkXJ_CF1z91Dbz-4wJiEGPYvMZz_kSKAfEvPSdjLSGSsrQat1zvXlH9FYZBEyfnUYhgdeLvwgZPRkswtNHbXrx2sDF4X_ItJr2FWHXfblA&amp;__tn__=*bH-R\"><\/a><\/p>\n\n\n\n<figure class=\"wp-block-image\"><a href=\"https:\/\/www.facebook.com\/photo\/?fbid=673825224773243&amp;set=pcb.673825418106557&amp;__cft__[0]=AZXKZTYLcIQG7zvz5YG1fP-YTxAH8q54wFUVnrW4nS_pq6O3yQc58jqsSxkyoPpgDMjGsrIiLpRZ6n1rsFPJU6PmxfkXJ_CF1z91Dbz-4wJiEGPYvMZz_kSKAfEvPSdjLSGSsrQat1zvXlH9FYZBEyfnUYhgdeLvwgZPRkswtNHbXrx2sDF4X_ItJr2FWHXfblA&amp;__tn__=*bH-R\"><img src=\"https:\/\/scontent.fros8-1.fna.fbcdn.net\/v\/t39.30808-6\/361329015_673825524773213_368535941575930063_n.jpg?stp=dst-jpg_p526x395&amp;_nc_cat=102&amp;ccb=1-7&amp;_nc_sid=8bfeb9&amp;_nc_eui2=AeFmPbVvGHskKzxnyA24efG2PBtovX2psDs8G2i9famwO-rUQWMfV_XulZQiaIuoad3LkM6MmFd8vIYu7tkGH1SU&amp;_nc_ohc=NvZwprTDrPoAX-XNmM-&amp;_nc_ht=scontent.fros8-1.fna&amp;oh=00_AfC5JwR8uDizb1ry1WhbPiTSk9MTps7aDbgXobgBtdCrWg&amp;oe=64B89D35\" alt=\"\"\/><\/a><\/figure>\n\n\n\n<p><a href=\"https:\/\/www.facebook.com\/photo\/?fbid=673825261439906&amp;set=pcb.673825418106557&amp;__cft__[0]=AZXKZTYLcIQG7zvz5YG1fP-YTxAH8q54wFUVnrW4nS_pq6O3yQc58jqsSxkyoPpgDMjGsrIiLpRZ6n1rsFPJU6PmxfkXJ_CF1z91Dbz-4wJiEGPYvMZz_kSKAfEvPSdjLSGSsrQat1zvXlH9FYZBEyfnUYhgdeLvwgZPRkswtNHbXrx2sDF4X_ItJr2FWHXfblA&amp;__tn__=*bH-R\"><\/a><\/p>\n\n\n\n<figure class=\"wp-block-image\"><a href=\"https:\/\/www.facebook.com\/photo\/?fbid=673825261439906&amp;set=pcb.673825418106557&amp;__cft__[0]=AZXKZTYLcIQG7zvz5YG1fP-YTxAH8q54wFUVnrW4nS_pq6O3yQc58jqsSxkyoPpgDMjGsrIiLpRZ6n1rsFPJU6PmxfkXJ_CF1z91Dbz-4wJiEGPYvMZz_kSKAfEvPSdjLSGSsrQat1zvXlH9FYZBEyfnUYhgdeLvwgZPRkswtNHbXrx2sDF4X_ItJr2FWHXfblA&amp;__tn__=*bH-R\"><img src=\"https:\/\/scontent.fros8-1.fna.fbcdn.net\/v\/t39.30808-6\/361305043_673825794773186_1721718357133621735_n.jpg?stp=dst-jpg_s600x600&amp;_nc_cat=102&amp;ccb=1-7&amp;_nc_sid=8bfeb9&amp;_nc_eui2=AeHNmL11UJT8ZeaAQ_7P804LH0OTS44KGJwfQ5NLjgoYnFKmO9rhuk023tT_rpkQrwZOrjBmETbimEdi_JcFPmOo&amp;_nc_ohc=TgKwqkHRbEcAX-9Tzam&amp;_nc_ht=scontent.fros8-1.fna&amp;oh=00_AfDrLzfIvKen6--DworSxy_rP8CZ2KJN1ZPtDZ4f7c6ulg&amp;oe=64B8F809\" alt=\"\"\/><\/a><\/figure>\n\n\n\n<p><a href=\"https:\/\/www.facebook.com\/photo\/?fbid=673825298106569&amp;set=pcb.673825418106557&amp;__cft__[0]=AZXKZTYLcIQG7zvz5YG1fP-YTxAH8q54wFUVnrW4nS_pq6O3yQc58jqsSxkyoPpgDMjGsrIiLpRZ6n1rsFPJU6PmxfkXJ_CF1z91Dbz-4wJiEGPYvMZz_kSKAfEvPSdjLSGSsrQat1zvXlH9FYZBEyfnUYhgdeLvwgZPRkswtNHbXrx2sDF4X_ItJr2FWHXfblA&amp;__tn__=*bH-R\"><\/a><\/p>\n\n\n\n<figure class=\"wp-block-image\"><a href=\"https:\/\/www.facebook.com\/photo\/?fbid=673825298106569&amp;set=pcb.673825418106557&amp;__cft__[0]=AZXKZTYLcIQG7zvz5YG1fP-YTxAH8q54wFUVnrW4nS_pq6O3yQc58jqsSxkyoPpgDMjGsrIiLpRZ6n1rsFPJU6PmxfkXJ_CF1z91Dbz-4wJiEGPYvMZz_kSKAfEvPSdjLSGSsrQat1zvXlH9FYZBEyfnUYhgdeLvwgZPRkswtNHbXrx2sDF4X_ItJr2FWHXfblA&amp;__tn__=*bH-R\"><img src=\"https:\/\/scontent.fros8-1.fna.fbcdn.net\/v\/t39.30808-6\/361583159_673825821439850_663703568587700493_n.jpg?stp=dst-jpg_s600x600&amp;_nc_cat=103&amp;ccb=1-7&amp;_nc_sid=8bfeb9&amp;_nc_eui2=AeGoZJc26-ifIU4AtsUJ78hz5_Y2xQ7_IGvn9jbFDv8gaxGHfdsymytGpy_KLsXAv5Z0_5wB4owpNm1DqLYkOmlG&amp;_nc_ohc=lslc-FpnGpkAX9Eb-SW&amp;_nc_ht=scontent.fros8-1.fna&amp;oh=00_AfDqKfuNsMmsLB2_Ikf5zaPZy6k_6vjV62LF6J6VdjwPIQ&amp;oe=64B9ACEF\" alt=\"\"\/><\/a><\/figure>\n\n\n\n<p><a href=\"https:\/\/www.facebook.com\/photo\/?fbid=673825298106569&amp;set=pcb.673825418106557&amp;__cft__[0]=AZXKZTYLcIQG7zvz5YG1fP-YTxAH8q54wFUVnrW4nS_pq6O3yQc58jqsSxkyoPpgDMjGsrIiLpRZ6n1rsFPJU6PmxfkXJ_CF1z91Dbz-4wJiEGPYvMZz_kSKAfEvPSdjLSGSsrQat1zvXlH9FYZBEyfnUYhgdeLvwgZPRkswtNHbXrx2sDF4X_ItJr2FWHXfblA&amp;__tn__=*bH-R\">+4<\/a><\/p>\n","protected":false},"excerpt":{"rendered":"<p>En la ma\u00f1ana de hoy se realiz\u00f3 la fiesta de Nuestra Se\u00f1ora del Carmen. El padre obispo diocesano Gabriel presidi\u00f3 la fiesta patronal de Loberia junto al p\u00e1rroco Julio Malla. A pesar del clima fr\u00edo y lluvioso el cielo abri\u00f3 y permiti\u00f3 la presencia del sol haciendo posible una breve procesi\u00f3n por las calles de [&hellip;]<\/p>\n","protected":false},"author":4,"featured_media":40945,"comment_status":"open","ping_status":"open","sticky":false,"template":"","format":"standard","meta":{"_et_pb_use_builder":"","_et_pb_old_content":"","_et_gb_content_width":""},"categories":[4],"tags":[],"aioseo_notices":[],"_links":{"self":[{"href":"https:\/\/www.obispado-mdp.org.ar\/a\/wp-json\/wp\/v2\/posts\/40944"}],"collection":[{"href":"https:\/\/www.obispado-mdp.org.ar\/a\/wp-json\/wp\/v2\/posts"}],"about":[{"href":"https:\/\/www.obispado-mdp.org.ar\/a\/wp-json\/wp\/v2\/types\/post"}],"author":[{"embeddable":true,"href":"https:\/\/www.obispado-mdp.org.ar\/a\/wp-json\/wp\/v2\/users\/4"}],"replies":[{"embeddable":true,"href":"https:\/\/www.obispado-mdp.org.ar\/a\/wp-json\/wp\/v2\/comments?post=40944"}],"version-history":[{"count":2,"href":"https:\/\/www.obispado-mdp.org.ar\/a\/wp-json\/wp\/v2\/posts\/40944\/revisions"}],"predecessor-version":[{"id":41489,"href":"https:\/\/www.obispado-mdp.org.ar\/a\/wp-json\/wp\/v2\/posts\/40944\/revisions\/41489"}],"wp:featuredmedia":[{"embeddable":true,"href":"https:\/\/www.obispado-mdp.org.ar\/a\/wp-json\/wp\/v2\/media\/40945"}],"wp:attachment":[{"href":"https:\/\/www.obispado-mdp.org.ar\/a\/wp-json\/wp\/v2\/media?parent=40944"}],"wp:term":[{"taxonomy":"category","embeddable":true,"href":"https:\/\/www.obispado-mdp.org.ar\/a\/wp-json\/wp\/v2\/categories?post=40944"},{"taxonomy":"post_tag","embeddable":true,"href":"https:\/\/www.obispado-mdp.org.ar\/a\/wp-json\/wp\/v2\/tags?post=40944"}],"curies":[{"name":"wp","href":"https:\/\/api.w.org\/{rel}","templated":true}]}}