{"id":40947,"date":"2023-07-17T12:00:57","date_gmt":"2023-07-17T15:00:57","guid":{"rendered":"https:\/\/www.obispado-mdp.org.ar\/a\/?p=40947"},"modified":"2023-07-17T12:02:49","modified_gmt":"2023-07-17T15:02:49","slug":"la-diocesis-de-mar-del-plata-contara-con-un-nuevo-sacerdote","status":"publish","type":"post","link":"https:\/\/www.obispado-mdp.org.ar\/a\/la-diocesis-de-mar-del-plata-contara-con-un-nuevo-sacerdote\/","title":{"rendered":"LA DIOCESIS DE MAR DEL PLATA CONTAR\u00c1 CON UN NUEVO SACERDOTE."},"content":{"rendered":"\n<p class=\"has-pale-cyan-blue-background-color has-background\"><strong>El Padre Obispo Gabriel Mestre ha anunciado hoy que el viernes 15 de diciembre a las 19 hs. el di\u00e1cono Juan Marcos Degl\u2019Innocenti ser\u00e1 ordenado presb\u00edtero. La celebraci\u00f3n tendr\u00e1 lugar en la Iglesia Catedral.<\/strong><\/p>\n\n\n\n<p><br>Juan Marcos ha culminado su formaci\u00f3n inicial en el Seminario San Jos\u00e9 de La Plata y se encuentra realizando su experiencia pastoral como di\u00e1cono en la Parroquia Padre P\u00edo de Pietrelcina. Ha crecido vocacionalmente en diversas experiencias pastorales y su ordenaci\u00f3n es un motivo de gran alegr\u00eda para toda la di\u00f3cesis.<\/p>\n","protected":false},"excerpt":{"rendered":"<p>El Padre Obispo Gabriel Mestre ha anunciado hoy que el viernes 15 de diciembre a las 19 hs. el di\u00e1cono Juan Marcos Degl\u2019Innocenti ser\u00e1 ordenado presb\u00edtero. La celebraci\u00f3n tendr\u00e1 lugar en la Iglesia Catedral. Juan Marcos ha culminado su formaci\u00f3n inicial en el Seminario San Jos\u00e9 de La Plata y se encuentra realizando su experiencia [&hellip;]<\/p>\n","protected":false},"author":4,"featured_media":40950,"comment_status":"open","ping_status":"open","sticky":false,"template":"","format":"standard","meta":{"_et_pb_use_builder":"","_et_pb_old_content":"","_et_gb_content_width":""},"categories":[4],"tags":[],"aioseo_notices":[],"_links":{"self":[{"href":"https:\/\/www.obispado-mdp.org.ar\/a\/wp-json\/wp\/v2\/posts\/40947"}],"collection":[{"href":"https:\/\/www.obispado-mdp.org.ar\/a\/wp-json\/wp\/v2\/posts"}],"about":[{"href":"https:\/\/www.obispado-mdp.org.ar\/a\/wp-json\/wp\/v2\/types\/post"}],"author":[{"embeddable":true,"href":"https:\/\/www.obispado-mdp.org.ar\/a\/wp-json\/wp\/v2\/users\/4"}],"replies":[{"embeddable":true,"href":"https:\/\/www.obispado-mdp.org.ar\/a\/wp-json\/wp\/v2\/comments?post=40947"}],"version-history":[{"count":2,"href":"https:\/\/www.obispado-mdp.org.ar\/a\/wp-json\/wp\/v2\/posts\/40947\/revisions"}],"predecessor-version":[{"id":41490,"href":"https:\/\/www.obispado-mdp.org.ar\/a\/wp-json\/wp\/v2\/posts\/40947\/revisions\/41490"}],"wp:featuredmedia":[{"embeddable":true,"href":"https:\/\/www.obispado-mdp.org.ar\/a\/wp-json\/wp\/v2\/media\/40950"}],"wp:attachment":[{"href":"https:\/\/www.obispado-mdp.org.ar\/a\/wp-json\/wp\/v2\/media?parent=40947"}],"wp:term":[{"taxonomy":"category","embeddable":true,"href":"https:\/\/www.obispado-mdp.org.ar\/a\/wp-json\/wp\/v2\/categories?post=40947"},{"taxonomy":"post_tag","embeddable":true,"href":"https:\/\/www.obispado-mdp.org.ar\/a\/wp-json\/wp\/v2\/tags?post=40947"}],"curies":[{"name":"wp","href":"https:\/\/api.w.org\/{rel}","templated":true}]}}