{"id":40952,"date":"2023-07-18T10:20:10","date_gmt":"2023-07-18T13:20:10","guid":{"rendered":"https:\/\/www.obispado-mdp.org.ar\/a\/?p=40952"},"modified":"2023-07-18T10:20:12","modified_gmt":"2023-07-18T13:20:12","slug":"convivencia-de-los-seminaristas-en-miramar","status":"publish","type":"post","link":"https:\/\/www.obispado-mdp.org.ar\/a\/convivencia-de-los-seminaristas-en-miramar\/","title":{"rendered":"CONVIVENCIA DE LOS SEMINARISTAS EN MIRAMAR."},"content":{"rendered":"\n<p class=\"has-pale-cyan-blue-background-color has-background\"><strong>Desde el jueves hasta el lunes los seminaristas de nuestra di\u00f3cesis estuvieron de convivencia en la parroquia san Andr\u00e9s de la ciudad de Miramar. El obispo celebr\u00f3 la Misa de clausura.<\/strong><\/p>\n\n\n\n<p>Todos los a\u00f1os los seminaristas visitan una comunidad diferente de la di\u00f3cesis para conocer los diversos grupos y actividades.<\/p>\n\n\n\n<p>Durante el fin de semana los seminaristas pudieron compartir con el padre Pablo Boldrini, p\u00e1rroco de san Andr\u00e9s, y toda la comunidad.<\/p>\n\n\n\n<p>Este lunes por el mediod\u00eda nuestro <a><\/a>padre Obispo Gabriel celebr\u00f3 la misa de clausura. Comparti\u00f3 tres puntos: gracias, paz y peque\u00f1os. Adem\u00e1s se celebr\u00f3 la memoria de los beatos Mons. Enrique Angelelli y compa\u00f1eros m\u00e1rtires.<\/p>\n\n\n\n<p>Luego junto a todos los sacerdotes presentes compartieron un almuerzo fraterno.<\/p>\n\n\n\n<figure class=\"wp-container-2 wp-block-gallery-1 wp-block-gallery has-nested-images columns-default is-cropped\">\n<figure class=\"wp-block-image size-large\"><img loading=\"lazy\" width=\"1024\" height=\"577\" data-id=\"40953\"  src=\"https:\/\/www.obispado-mdp.org.ar\/a\/wp-content\/uploads\/2023\/07\/2ab87b2a-9699-45b0-8e39-004e7a1ca6a1-copia-1024x577.jpg\" alt=\"\" class=\"wp-image-40953\"\/><\/figure>\n\n\n\n<figure class=\"wp-block-image size-large\"><img loading=\"lazy\" width=\"1024\" height=\"577\" data-id=\"40956\"  src=\"https:\/\/www.obispado-mdp.org.ar\/a\/wp-content\/uploads\/2023\/07\/4fc25bf8-ee6e-4979-85a5-e40fe05d5482-copia-1024x577.jpg\" alt=\"\" class=\"wp-image-40956\"\/><\/figure>\n\n\n\n<figure class=\"wp-block-image size-large\"><img loading=\"lazy\" width=\"1024\" height=\"768\" data-id=\"40959\"  src=\"https:\/\/www.obispado-mdp.org.ar\/a\/wp-content\/uploads\/2023\/07\/a8ff8dce-721f-44a0-980d-7818b610d351-copia.jpg\" alt=\"\" class=\"wp-image-40959\"\/><\/figure>\n\n\n\n<figure class=\"wp-block-image size-large\"><img loading=\"lazy\" width=\"1024\" height=\"577\" data-id=\"40954\"  src=\"https:\/\/www.obispado-mdp.org.ar\/a\/wp-content\/uploads\/2023\/07\/ab0233f1-acae-4956-9da8-137bbcacae54-copia-1024x577.jpg\" alt=\"\" class=\"wp-image-40954\"\/><\/figure>\n\n\n\n<figure class=\"wp-block-image size-large\"><img loading=\"lazy\" width=\"1024\" height=\"576\" data-id=\"40958\"  src=\"https:\/\/www.obispado-mdp.org.ar\/a\/wp-content\/uploads\/2023\/07\/bbbc387b-ae44-4758-9a6d-d5ed103e189d-copia-1024x576.jpg\" alt=\"\" class=\"wp-image-40958\"\/><\/figure>\n\n\n\n<figure class=\"wp-block-image size-large\"><img loading=\"lazy\" width=\"1024\" height=\"768\" data-id=\"40955\"  src=\"https:\/\/www.obispado-mdp.org.ar\/a\/wp-content\/uploads\/2023\/07\/ef6ff5d9-206e-4d68-8ae5-d92456ba273f-copia.jpg\" alt=\"\" class=\"wp-image-40955\"\/><\/figure>\n\n\n\n<figure class=\"wp-block-image size-large\"><img loading=\"lazy\" width=\"1024\" height=\"768\" data-id=\"40957\"  src=\"https:\/\/www.obispado-mdp.org.ar\/a\/wp-content\/uploads\/2023\/07\/f2a58098-1154-4c69-a110-ed56abe684f1-copia.jpg\" alt=\"\" class=\"wp-image-40957\"\/><\/figure>\n<\/figure>\n\n\n\n<figure class=\"wp-container-4 wp-block-gallery-3 wp-block-gallery has-nested-images columns-default is-cropped\">\n<figure class=\"wp-block-image size-large\"><img loading=\"lazy\" width=\"1024\" height=\"768\" data-id=\"40960\"  src=\"https:\/\/www.obispado-mdp.org.ar\/a\/wp-content\/uploads\/2023\/07\/913ba1d4-23d5-4aa8-98e7-03eca88e870a.jpg\" alt=\"\" class=\"wp-image-40960\"\/><\/figure>\n<\/figure>\n","protected":false},"excerpt":{"rendered":"<p>Desde el jueves hasta el lunes los seminaristas de nuestra di\u00f3cesis estuvieron de convivencia en la parroquia san Andr\u00e9s de la ciudad de Miramar. El obispo celebr\u00f3 la Misa de clausura. Todos los a\u00f1os los seminaristas visitan una comunidad diferente de la di\u00f3cesis para conocer los diversos grupos y actividades. Durante el fin de semana [&hellip;]<\/p>\n","protected":false},"author":4,"featured_media":40961,"comment_status":"open","ping_status":"open","sticky":false,"template":"","format":"standard","meta":{"_et_pb_use_builder":"","_et_pb_old_content":"","_et_gb_content_width":""},"categories":[4],"tags":[],"aioseo_notices":[],"_links":{"self":[{"href":"https:\/\/www.obispado-mdp.org.ar\/a\/wp-json\/wp\/v2\/posts\/40952"}],"collection":[{"href":"https:\/\/www.obispado-mdp.org.ar\/a\/wp-json\/wp\/v2\/posts"}],"about":[{"href":"https:\/\/www.obispado-mdp.org.ar\/a\/wp-json\/wp\/v2\/types\/post"}],"author":[{"embeddable":true,"href":"https:\/\/www.obispado-mdp.org.ar\/a\/wp-json\/wp\/v2\/users\/4"}],"replies":[{"embeddable":true,"href":"https:\/\/www.obispado-mdp.org.ar\/a\/wp-json\/wp\/v2\/comments?post=40952"}],"version-history":[{"count":1,"href":"https:\/\/www.obispado-mdp.org.ar\/a\/wp-json\/wp\/v2\/posts\/40952\/revisions"}],"predecessor-version":[{"id":40962,"href":"https:\/\/www.obispado-mdp.org.ar\/a\/wp-json\/wp\/v2\/posts\/40952\/revisions\/40962"}],"wp:featuredmedia":[{"embeddable":true,"href":"https:\/\/www.obispado-mdp.org.ar\/a\/wp-json\/wp\/v2\/media\/40961"}],"wp:attachment":[{"href":"https:\/\/www.obispado-mdp.org.ar\/a\/wp-json\/wp\/v2\/media?parent=40952"}],"wp:term":[{"taxonomy":"category","embeddable":true,"href":"https:\/\/www.obispado-mdp.org.ar\/a\/wp-json\/wp\/v2\/categories?post=40952"},{"taxonomy":"post_tag","embeddable":true,"href":"https:\/\/www.obispado-mdp.org.ar\/a\/wp-json\/wp\/v2\/tags?post=40952"}],"curies":[{"name":"wp","href":"https:\/\/api.w.org\/{rel}","templated":true}]}}