{"id":40963,"date":"2023-07-19T09:50:51","date_gmt":"2023-07-19T12:50:51","guid":{"rendered":"https:\/\/www.obispado-mdp.org.ar\/a\/?p=40963"},"modified":"2023-07-19T09:50:55","modified_gmt":"2023-07-19T12:50:55","slug":"caritas-rinde-cuentas","status":"publish","type":"post","link":"https:\/\/www.obispado-mdp.org.ar\/a\/caritas-rinde-cuentas\/","title":{"rendered":"CARITAS RINDE CUENTAS"},"content":{"rendered":"\n<p class=\"has-pale-cyan-blue-background-color has-background\"><strong>C\u00e1ritas Mar del Plata informa que el total de lo recaudado en su Colecta Anual realizada el 10 y 11 de junio bajo el lema \u201cMirarnos. Encontrarnos. Ayudarnos\u201d, asciende a $12.498.104,46.<\/strong><\/p>\n\n\n\n<p> Esta cifra representa un 40% de incremento respecto del a\u00f1o pasado y manifiesta una vez m\u00e1s la vocaci\u00f3n solidaria de nuestra sociedad, a\u00fan en el dif\u00edcil contexto socioecon\u00f3mico que atravesamos; asimismo, la cifra de recaudaci\u00f3n a nivel nacional fu\u00e9 de $610.739.881.<\/p>\n\n\n\n<figure class=\"wp-block-video\"><video controls src=\"https:\/\/www.obispado-mdp.org.ar\/a\/wp-content\/uploads\/2023\/07\/WhatsApp-Video-2023-07-17-at-20.47.51.mp4\"><\/video><\/figure>\n","protected":false},"excerpt":{"rendered":"<p>C\u00e1ritas Mar del Plata informa que el total de lo recaudado en su Colecta Anual realizada el 10 y 11 de junio bajo el lema \u201cMirarnos. Encontrarnos. Ayudarnos\u201d, asciende a $12.498.104,46. Esta cifra representa un 40% de incremento respecto del a\u00f1o pasado y manifiesta una vez m\u00e1s la vocaci\u00f3n solidaria de nuestra sociedad, a\u00fan en [&hellip;]<\/p>\n","protected":false},"author":4,"featured_media":40965,"comment_status":"open","ping_status":"open","sticky":false,"template":"","format":"standard","meta":{"_et_pb_use_builder":"","_et_pb_old_content":"","_et_gb_content_width":""},"categories":[4],"tags":[],"aioseo_notices":[],"_links":{"self":[{"href":"https:\/\/www.obispado-mdp.org.ar\/a\/wp-json\/wp\/v2\/posts\/40963"}],"collection":[{"href":"https:\/\/www.obispado-mdp.org.ar\/a\/wp-json\/wp\/v2\/posts"}],"about":[{"href":"https:\/\/www.obispado-mdp.org.ar\/a\/wp-json\/wp\/v2\/types\/post"}],"author":[{"embeddable":true,"href":"https:\/\/www.obispado-mdp.org.ar\/a\/wp-json\/wp\/v2\/users\/4"}],"replies":[{"embeddable":true,"href":"https:\/\/www.obispado-mdp.org.ar\/a\/wp-json\/wp\/v2\/comments?post=40963"}],"version-history":[{"count":1,"href":"https:\/\/www.obispado-mdp.org.ar\/a\/wp-json\/wp\/v2\/posts\/40963\/revisions"}],"predecessor-version":[{"id":40966,"href":"https:\/\/www.obispado-mdp.org.ar\/a\/wp-json\/wp\/v2\/posts\/40963\/revisions\/40966"}],"wp:featuredmedia":[{"embeddable":true,"href":"https:\/\/www.obispado-mdp.org.ar\/a\/wp-json\/wp\/v2\/media\/40965"}],"wp:attachment":[{"href":"https:\/\/www.obispado-mdp.org.ar\/a\/wp-json\/wp\/v2\/media?parent=40963"}],"wp:term":[{"taxonomy":"category","embeddable":true,"href":"https:\/\/www.obispado-mdp.org.ar\/a\/wp-json\/wp\/v2\/categories?post=40963"},{"taxonomy":"post_tag","embeddable":true,"href":"https:\/\/www.obispado-mdp.org.ar\/a\/wp-json\/wp\/v2\/tags?post=40963"}],"curies":[{"name":"wp","href":"https:\/\/api.w.org\/{rel}","templated":true}]}}