{"id":40970,"date":"2023-07-20T09:15:54","date_gmt":"2023-07-20T12:15:54","guid":{"rendered":"https:\/\/www.obispado-mdp.org.ar\/a\/?p=40970"},"modified":"2023-07-20T09:15:57","modified_gmt":"2023-07-20T12:15:57","slug":"activa-participacion-de-la-diocesis-en-cordoba","status":"publish","type":"post","link":"https:\/\/www.obispado-mdp.org.ar\/a\/activa-participacion-de-la-diocesis-en-cordoba\/","title":{"rendered":"ACTIVA PARTICIPACI\u00d3N DE LA DI\u00d3CESIS EN CORDOBA."},"content":{"rendered":"\n<p class=\"has-pale-cyan-blue-background-color has-background\"><strong>Una nutrida delegaci\u00f3n de nuestra di\u00f3cesis se encuentra participando del II Simposio Internacional de Catequ\u00e9tica que se desarrolla en San Antonio de Arredondo, Cordoba.<\/strong><\/p>\n\n\n\n<p>Est\u00e1n presentes en el encuentro el obispo Gabriel Mestre, Stefano Sogolo, seminarista, y 5 miembros del Secretariado Diocesano para la Catequesis Renovada, Victoria, Juan Andr\u00e9s, Esequiel, Mercedes y Federico. Otros integrantes del mismo lo siguen en forma virtual.<\/p>\n\n\n\n<p>Al inicio de la jornada Mons. Mestre, presidente de la Comisi\u00f3n Episcopal de Catequesis, Animaci\u00f3n y Pastoral B\u00edblica comparti\u00f3 unas palabras de bienvenidas a los m\u00e1s de 180 asistentes del Simposio.<\/p>\n\n\n\n<p>A media ma\u00f1ana el pastor diocesano disert\u00f3 sobre el Ministerio Laical del Catequista en Argentina.<\/p>\n\n\n\n<p>Para cerrar la jornada de este primer d\u00eda, se celebr\u00f3 la Santa Eucarist\u00eda presidida por Monse\u00f1or Gabriel, y concelebrada por Mons. Dami\u00e1n Nanini obispo de San Miguel y los sacerdotes presentes.<\/p>\n\n\n\n<p>El obispo comenz\u00f3 su homil\u00eda agradeciendo por los 60 a\u00f1os del ISCA. Posteriormente, vinculado a las Lecturas del D\u00eda, se refiri\u00f3 a la capacidad de preguntarnos, escucharnos y maravillarnos con la realidad, al igual que Moises.<\/p>\n\n\n\n<p>El Simposio finalizar\u00e1 el d\u00eda viernes de esta semana. Recemos por el desarrollo y los frutos del encuentro.<\/p>\n\n\n\n<p>CRONISTA: Federico Desteffaniz<\/p>\n\n\n\n<figure class=\"wp-container-2 wp-block-gallery-1 wp-block-gallery has-nested-images columns-default is-cropped\">\n<figure class=\"wp-block-image size-large\"><img loading=\"lazy\" width=\"1024\" height=\"768\" data-id=\"40978\"  src=\"https:\/\/www.obispado-mdp.org.ar\/a\/wp-content\/uploads\/2023\/07\/9116f1e7-4026-4120-900f-29c8c38e1ac1-1024x768.jpg\" alt=\"\" class=\"wp-image-40978\"\/><\/figure>\n\n\n\n<figure class=\"wp-block-image size-large\"><img loading=\"lazy\" width=\"1024\" height=\"768\" data-id=\"40975\"  src=\"https:\/\/www.obispado-mdp.org.ar\/a\/wp-content\/uploads\/2023\/07\/bc135cbb-e615-4f9f-92ff-ba8ee5f3ddaa-1024x768.jpg\" alt=\"\" class=\"wp-image-40975\"\/><\/figure>\n\n\n\n<figure class=\"wp-block-image size-large\"><img loading=\"lazy\" width=\"1024\" height=\"768\" data-id=\"40971\"  src=\"https:\/\/www.obispado-mdp.org.ar\/a\/wp-content\/uploads\/2023\/07\/88df9be3-fbe3-42b4-a4b3-8da5d8fbb9d6-1024x768.jpg\" alt=\"\" class=\"wp-image-40971\"\/><\/figure>\n\n\n\n<figure class=\"wp-block-image size-large\"><img loading=\"lazy\" width=\"1024\" height=\"768\" data-id=\"40977\"  src=\"https:\/\/www.obispado-mdp.org.ar\/a\/wp-content\/uploads\/2023\/07\/c78cc497-e95f-4a0c-ae0f-c011dbbaf0e0-1024x768.jpg\" alt=\"\" class=\"wp-image-40977\"\/><\/figure>\n\n\n\n<figure class=\"wp-block-image size-large\"><img loading=\"lazy\" width=\"1024\" height=\"768\" data-id=\"40973\"  src=\"https:\/\/www.obispado-mdp.org.ar\/a\/wp-content\/uploads\/2023\/07\/e6f65d36-d821-42d3-ba78-29a72a31af07-1024x768.jpg\" alt=\"\" class=\"wp-image-40973\"\/><\/figure>\n\n\n\n<figure class=\"wp-block-image size-large\"><img loading=\"lazy\" width=\"1024\" height=\"768\" data-id=\"40972\"  src=\"https:\/\/www.obispado-mdp.org.ar\/a\/wp-content\/uploads\/2023\/07\/e3806d18-5dfb-4d5d-9209-b5b9656b09b2-1024x768.jpg\" alt=\"\" class=\"wp-image-40972\"\/><\/figure>\n\n\n\n<figure class=\"wp-block-image size-large\"><img loading=\"lazy\" width=\"1024\" height=\"768\" data-id=\"40974\"  src=\"https:\/\/www.obispado-mdp.org.ar\/a\/wp-content\/uploads\/2023\/07\/f2198fc5-d385-48af-ae59-a7731482f0a1-1024x768.jpg\" alt=\"\" class=\"wp-image-40974\"\/><\/figure>\n\n\n\n<figure class=\"wp-block-image size-large\"><img loading=\"lazy\" width=\"768\" height=\"1024\" data-id=\"40979\"  src=\"https:\/\/www.obispado-mdp.org.ar\/a\/wp-content\/uploads\/2023\/07\/e2f56ca7-b5aa-4060-886d-9f0eab6a25e2-768x1024.jpg\" alt=\"\" class=\"wp-image-40979\"\/><\/figure>\n<\/figure>\n","protected":false},"excerpt":{"rendered":"<p>Una nutrida delegaci\u00f3n de nuestra di\u00f3cesis se encuentra participando del II Simposio Internacional de Catequ\u00e9tica que se desarrolla en San Antonio de Arredondo, Cordoba. Est\u00e1n presentes en el encuentro el obispo Gabriel Mestre, Stefano Sogolo, seminarista, y 5 miembros del Secretariado Diocesano para la Catequesis Renovada, Victoria, Juan Andr\u00e9s, Esequiel, Mercedes y Federico. Otros integrantes [&hellip;]<\/p>\n","protected":false},"author":4,"featured_media":40980,"comment_status":"open","ping_status":"open","sticky":false,"template":"","format":"standard","meta":{"_et_pb_use_builder":"","_et_pb_old_content":"","_et_gb_content_width":""},"categories":[4],"tags":[],"aioseo_notices":[],"_links":{"self":[{"href":"https:\/\/www.obispado-mdp.org.ar\/a\/wp-json\/wp\/v2\/posts\/40970"}],"collection":[{"href":"https:\/\/www.obispado-mdp.org.ar\/a\/wp-json\/wp\/v2\/posts"}],"about":[{"href":"https:\/\/www.obispado-mdp.org.ar\/a\/wp-json\/wp\/v2\/types\/post"}],"author":[{"embeddable":true,"href":"https:\/\/www.obispado-mdp.org.ar\/a\/wp-json\/wp\/v2\/users\/4"}],"replies":[{"embeddable":true,"href":"https:\/\/www.obispado-mdp.org.ar\/a\/wp-json\/wp\/v2\/comments?post=40970"}],"version-history":[{"count":1,"href":"https:\/\/www.obispado-mdp.org.ar\/a\/wp-json\/wp\/v2\/posts\/40970\/revisions"}],"predecessor-version":[{"id":40981,"href":"https:\/\/www.obispado-mdp.org.ar\/a\/wp-json\/wp\/v2\/posts\/40970\/revisions\/40981"}],"wp:featuredmedia":[{"embeddable":true,"href":"https:\/\/www.obispado-mdp.org.ar\/a\/wp-json\/wp\/v2\/media\/40980"}],"wp:attachment":[{"href":"https:\/\/www.obispado-mdp.org.ar\/a\/wp-json\/wp\/v2\/media?parent=40970"}],"wp:term":[{"taxonomy":"category","embeddable":true,"href":"https:\/\/www.obispado-mdp.org.ar\/a\/wp-json\/wp\/v2\/categories?post=40970"},{"taxonomy":"post_tag","embeddable":true,"href":"https:\/\/www.obispado-mdp.org.ar\/a\/wp-json\/wp\/v2\/tags?post=40970"}],"curies":[{"name":"wp","href":"https:\/\/api.w.org\/{rel}","templated":true}]}}