{"id":40982,"date":"2023-07-22T16:11:07","date_gmt":"2023-07-22T19:11:07","guid":{"rendered":"https:\/\/www.obispado-mdp.org.ar\/a\/?p=40982"},"modified":"2023-07-22T16:11:09","modified_gmt":"2023-07-22T19:11:09","slug":"iii-jornadas-de-los-abuelos-y-adultos-mayores","status":"publish","type":"post","link":"https:\/\/www.obispado-mdp.org.ar\/a\/iii-jornadas-de-los-abuelos-y-adultos-mayores\/","title":{"rendered":"III JORNADAS DE LOS ABUELOS Y ADULTOS MAYORES."},"content":{"rendered":"\n<p class=\"has-pale-cyan-blue-background-color has-background\"><strong>La Iglesia celebra las III Jornada Mundial de los Abuelos y de los Mayores este domingo 23 de julio, instituida por el Santo Padre Francisco en 2021. Mensaje del Padre obispo.<\/strong><\/p>\n\n\n\n<p>El Dicasterio para los Laicos, la Familia y la Vida invita nuevamente a celebrar la fecha en todas las di\u00f3cesis del mundo con una misa dedicada a ellos y visitando a los ancianos que est\u00e1n solos. Tambi\u00e9n recuerda que se conceder\u00e1 una indulgencia plenaria a quienes realicen estos gestos,&nbsp;<a href=\"https:\/\/press.vatican.va\/content\/salastampa\/it\/bollettino\/pubblico\/2023\/07\/05\/0494\/01100.html#ita\" target=\"_blank\" rel=\"noreferrer noopener\">de acuerdo con un decreto de la Penitenciar\u00eda Apost\u00f3lica difundido el 5 de julio<\/a>.&nbsp;<\/p>\n\n\n\n<h2><strong>No dejemos solos a los ancianos, su presencia es valiosa<\/strong><\/h2>\n\n\n\n<p>En su mensaje para la Jornada de este a\u00f1o, Francisco invita a pasar de la imaginaci\u00f3n a la realizaci\u00f3n de un gesto concreto para abrazar a los abuelos y a los ancianos. \u00abNo los dejemos solos, su presencia en las familias y en las comunidades es valiosa, nos da la conciencia de compartir la misma herencia y de formar parte de un pueblo en el que se conservan las ra\u00edces\u00bb, escribe el Santo Padre.<\/p>\n\n\n\n<p><em>\u201cS\u00ed, son los ancianos quienes nos transmiten la pertenencia al Pueblo santo de Dios. Tanto la Iglesia como la sociedad los necesita. Ellos entregan al presente un pasado necesario para construir el futuro. Honr\u00e9moslos, no nos privemos de su compa\u00f1\u00eda y no los privemos de la nuestra; no permitamos que sean descartados\u201d.<\/em><\/p>\n\n\n\n<figure class=\"wp-block-video\"><video controls src=\"https:\/\/www.obispado-mdp.org.ar\/a\/wp-content\/uploads\/2023\/07\/WhatsApp-Video-2023-07-21-at-10.22.24.mp4\"><\/video><\/figure>\n\n\n\n<hr class=\"wp-block-separator has-alpha-channel-opacity\"\/>\n\n\n\n<figure class=\"wp-container-2 wp-block-gallery-1 wp-block-gallery has-nested-images columns-default is-cropped\">\n<figure class=\"wp-block-image size-large\"><img loading=\"lazy\" width=\"1024\" height=\"1024\" data-id=\"40986\"  src=\"https:\/\/www.obispado-mdp.org.ar\/a\/wp-content\/uploads\/2023\/07\/622fcf7b-ded9-4d6b-9038-21d294b937e6-1024x1024.jpg\" alt=\"\" class=\"wp-image-40986\"\/><\/figure>\n\n\n\n<figure class=\"wp-block-image size-large\"><img loading=\"lazy\" width=\"1024\" height=\"819\" data-id=\"40985\"  src=\"https:\/\/www.obispado-mdp.org.ar\/a\/wp-content\/uploads\/2023\/07\/a76eb796-3c22-49e7-95a9-be444184c3af-1024x819.jpg\" alt=\"\" class=\"wp-image-40985\"\/><\/figure>\n<\/figure>\n","protected":false},"excerpt":{"rendered":"<p>La Iglesia celebra las III Jornada Mundial de los Abuelos y de los Mayores este domingo 23 de julio, instituida por el Santo Padre Francisco en 2021. Mensaje del Padre obispo. El Dicasterio para los Laicos, la Familia y la Vida invita nuevamente a celebrar la fecha en todas las di\u00f3cesis del mundo con una [&hellip;]<\/p>\n","protected":false},"author":4,"featured_media":40987,"comment_status":"open","ping_status":"open","sticky":false,"template":"","format":"standard","meta":{"_et_pb_use_builder":"","_et_pb_old_content":"","_et_gb_content_width":""},"categories":[4],"tags":[],"aioseo_notices":[],"_links":{"self":[{"href":"https:\/\/www.obispado-mdp.org.ar\/a\/wp-json\/wp\/v2\/posts\/40982"}],"collection":[{"href":"https:\/\/www.obispado-mdp.org.ar\/a\/wp-json\/wp\/v2\/posts"}],"about":[{"href":"https:\/\/www.obispado-mdp.org.ar\/a\/wp-json\/wp\/v2\/types\/post"}],"author":[{"embeddable":true,"href":"https:\/\/www.obispado-mdp.org.ar\/a\/wp-json\/wp\/v2\/users\/4"}],"replies":[{"embeddable":true,"href":"https:\/\/www.obispado-mdp.org.ar\/a\/wp-json\/wp\/v2\/comments?post=40982"}],"version-history":[{"count":1,"href":"https:\/\/www.obispado-mdp.org.ar\/a\/wp-json\/wp\/v2\/posts\/40982\/revisions"}],"predecessor-version":[{"id":40988,"href":"https:\/\/www.obispado-mdp.org.ar\/a\/wp-json\/wp\/v2\/posts\/40982\/revisions\/40988"}],"wp:featuredmedia":[{"embeddable":true,"href":"https:\/\/www.obispado-mdp.org.ar\/a\/wp-json\/wp\/v2\/media\/40987"}],"wp:attachment":[{"href":"https:\/\/www.obispado-mdp.org.ar\/a\/wp-json\/wp\/v2\/media?parent=40982"}],"wp:term":[{"taxonomy":"category","embeddable":true,"href":"https:\/\/www.obispado-mdp.org.ar\/a\/wp-json\/wp\/v2\/categories?post=40982"},{"taxonomy":"post_tag","embeddable":true,"href":"https:\/\/www.obispado-mdp.org.ar\/a\/wp-json\/wp\/v2\/tags?post=40982"}],"curies":[{"name":"wp","href":"https:\/\/api.w.org\/{rel}","templated":true}]}}