{"id":40989,"date":"2023-07-24T09:28:14","date_gmt":"2023-07-24T12:28:14","guid":{"rendered":"https:\/\/www.obispado-mdp.org.ar\/a\/?p=40989"},"modified":"2023-07-24T09:28:21","modified_gmt":"2023-07-24T12:28:21","slug":"nuevos-cursos-de-la-eut","status":"publish","type":"post","link":"https:\/\/www.obispado-mdp.org.ar\/a\/nuevos-cursos-de-la-eut\/","title":{"rendered":"NUEVOS CURSOS DE LA EUT"},"content":{"rendered":"\n<p class=\"has-pale-cyan-blue-background-color has-background\"><strong>Tres nuevos cursos sobre liturgia ofrece la Escuela Universitaria de Teolog\u00eda del Obispado de Mar del Plata.<\/strong><\/p>\n\n\n\n<p class=\"has-vivid-red-color has-text-color\"><strong>\u00abLA BENDICI\u00d3N DE DIOS DESDE EL NUEVO BENDICIONAL ARGENTINO\u00bb<\/strong><\/p>\n\n\n\n<p>La <a href=\"https:\/\/www.facebook.com\/EUT.CEDIER?__cft__%5b0%5d=AZXE4boLcDj72Ju-6OY4qjOnXeFtXK4uQqBcq-z_igkmgVgbSfbCDZBqOjeRAzhyBMS-a-RjphrYwtEEL5y84fvlXcAH6JhhN3O9iKKDMTJkZxadndUwBjRkFvfuiBNqhLA&amp;__tn__=-%5dK-R\">Escuela Universitaria de Teolog\u00eda &#8211; Cedier<\/a> presenta SU Curso virtual 2do. Del 2do semestre 2023 sobre la bendici\u00f3n como instrumento de evangelizaci\u00f3n.<\/p>\n\n\n\n<p><strong>Objetivos<\/strong><\/p>\n\n\n\n<ul><li>Descubrir el bendicional como aquel libro lit\u00fargico sui generis, donde se realiza un encuentro profundo entre la celebraci\u00f3n lit\u00fargica con la piedad popular.<\/li><li>Apreciar el bendicional como un instrumento de evangelizaci\u00f3n.<\/li><li>Revalorar e incentivar el uso de las bendiciones en la vida cotidiana.<\/li><\/ul>\n\n\n\n<p><strong>Destinatarios<\/strong><br>Todas aquellas personas que quieran profundizar en la bendici\u00f3n, como signo di\u00e1fano de la benevolencia divina.<\/p>\n\n\n\n<p><strong>Profesor<\/strong><br><strong>Pbro Francisco Iglesias.<\/strong>&nbsp;Sacerdote perteneciente a la di\u00f3cesis de Villa Mar\u00eda (CBA), cuya tesis doctoral en el Instituto Superior de Liturgia de Barcelona ad&nbsp;<em>instar facultatis<\/em>&nbsp;fue: \u201cEl bendicional argentino, gozne entre la liturgia y la piedad popular\u201d<\/p>\n\n\n\n<p><strong>Programa<\/strong><\/p>\n\n\n\n<ul><li>La bendici\u00f3n una realidad interpelante.<\/li><li>La bendici\u00f3n en la econom\u00eda salv\u00edfica.<\/li><li>La bendici\u00f3n fuente trinitaria de santificaci\u00f3n.<\/li><li>El Bendicional, instrumento de evangelizaci\u00f3n.<\/li><\/ul>\n\n\n\n<p><strong>Fecha de inicio<\/strong>: 4 de septiembre<\/p>\n\n\n\n<figure class=\"wp-block-image size-full\"><img loading=\"lazy\" width=\"660\" height=\"330\" src=\"https:\/\/www.obispado-mdp.org.ar\/a\/wp-content\/uploads\/2023\/07\/eut-bendicion.jpg\" alt=\"\" class=\"wp-image-40990\"\/><\/figure>\n\n\n\n<p><\/p>\n\n\n\n<p class=\"has-black-color has-text-color\"><strong>\u00abLAT\u00cdN LIT\u00daRGICO\u00bb<\/strong><br>La @<a href=\"https:\/\/www.facebook.com\/EUT.CEDIER?__cft__%5b0%5d=AZXE4boLcDj72Ju-6OY4qjOnXeFtXK4uQqBcq-z_igkmgVgbSfbCDZBqOjeRAzhyBMS-a-RjphrYwtEEL5y84fvlXcAH6JhhN3O9iKKDMTJkZxadndUwBjRkFvfuiBNqhLA&amp;__tn__=-%5dK-R\">Escuela Universitaria de Teolog\u00eda &#8211; Cedier<\/a> presenta su curso virtual para el 2do. semestre sobre lat\u00edn aplicado a la lit\u00fargia.<\/p>\n\n\n\n<p><strong>Introducci\u00f3n sincr\u00f3nica y diacr\u00f3nica a la lengua lit\u00fargica latina<\/strong><\/p>\n\n\n\n<p><strong>Objetivos<\/strong><\/p>\n\n\n\n<ul><li>Apreciar la historia e importancia del lat\u00edn en la Iglesia.<\/li><li>Afianzar el conocimiento de la gram\u00e1tica (morfolog\u00eda y sintaxis) del castellano.<\/li><li>Ofrecer los conocimientos b\u00e1sicos sobre la gram\u00e1tica (morfolog\u00eda y sintaxis) de la lengua latina.<\/li><li>Reconocer las estructuras b\u00e1sicas de la eucolog\u00eda.<\/li><\/ul>\n\n\n\n<p><strong>Destinatarios<\/strong><br>Todas aquellas personas que est\u00e9n interesadas en adentrarse en el conocimiento de la historia y desarrollo del Lat\u00edn como lengua de la liturgia romana, su estructura gramatical y sint\u00e1ctica.<\/p>\n\n\n\n<p><strong>Profesor<\/strong><br><strong>Pbro. Luciano Alzueta.<\/strong>&nbsp;Sacerdote perteneciente a la di\u00f3cesis de Mar del Plata, es abogado, curs\u00f3 sus estudios eclesi\u00e1sticos en el Seminario Mayor San Jos\u00e9 de La Plata, est\u00e1 finalizando la licenciatura en Derecho Can\u00f3nico.<\/p>\n\n\n\n<p><strong>Programa<\/strong><\/p>\n\n\n\n<ul><li><strong>Unidad 1:<\/strong>&nbsp;Fundamentos sobre el estudio del lat\u00edn y breve historia de la lengua latina en la liturgia romana.<\/li><li><strong>Unidad 2:&nbsp;<\/strong>Repaso de la gram\u00e1tica y sintaxis castellana.<\/li><li><strong>Unidad 3:<\/strong>&nbsp;Caracter\u00edsticas generales de la lengua latina (alfabeto, pronunciaci\u00f3n, acentuaci\u00f3n, casos).<\/li><li><strong>Unidad 4:&nbsp;<\/strong>El sustantivo, los pronombres, el&nbsp; adjetivo, el adverbio. Su reconocimiento en algunos ejemplos de la eucolog\u00eda.<\/li><li><strong>Unidad 5:<\/strong>&nbsp;El verbo y los verboides. Su reconocimiento en algunos ejemplos de la eucolog\u00eda.<\/li><li><strong>Unidad 6:<\/strong>&nbsp;Sintaxis latina. Estructuras de oraciones t\u00edpicas de la eucolog\u00eda.<\/li><li><strong>Unidad 7:<\/strong>&nbsp;Aproximaci\u00f3n al an\u00e1lisis gramatical (morfolog\u00eda y sintaxis) de&nbsp;algunos ejemplos de la eucolog\u00eda.<\/li><\/ul>\n\n\n\n<p><strong>Carga horaria<\/strong>: 84 hs c\u00e1tedra.<\/p>\n\n\n\n<p><strong>Fecha de inicio<\/strong>: 14 de septiembre.<\/p>\n\n\n\n<figure class=\"wp-block-image size-large is-resized\"><img loading=\"lazy\" src=\"https:\/\/www.obispado-mdp.org.ar\/a\/wp-content\/uploads\/2023\/07\/eut-latin-1022x1024.jpg\" alt=\"\" class=\"wp-image-40991\" width=\"523\" height=\"523\"\/><\/figure>\n\n\n\n<p class=\"has-black-color has-text-color\"><strong>\u00abLA ARQUITECTURA DEL ESPACIO LIT\u00daRGICO\u00bb<\/strong><br><strong>La <\/strong><a href=\"https:\/\/www.facebook.com\/EUT.CEDIER?__cft__%5b0%5d=AZXE4boLcDj72Ju-6OY4qjOnXeFtXK4uQqBcq-z_igkmgVgbSfbCDZBqOjeRAzhyBMS-a-RjphrYwtEEL5y84fvlXcAH6JhhN3O9iKKDMTJkZxadndUwBjRkFvfuiBNqhLA&amp;__tn__=-%5dK-R\"><strong>Escuela Universitaria de Teolog\u00eda &#8211; Cedier<\/strong><\/a><strong> presenta su Curso virtual del 2do. semestre 2023 sobre los espacios lit\u00fargicos y su arquitectura.<\/strong><\/p>\n\n\n\n<p><strong>Objetivos:<\/strong><\/p>\n\n\n\n<ul><li>Comprender conceptualmente el espacio lit\u00fargico en el que tiene lugar la congregaci\u00f3n de la comunidad para las celebraciones, especialmente la Eucar\u00edstica.<\/li><li>Entender la conformaci\u00f3n del espacio lit\u00fargico como el producto que surge de la conjunci\u00f3n del rito lit\u00fargico, las normas de la Iglesia con respecto a templos, la tradici\u00f3n, la arquitectura y el gusto del momento, junto con materiales, tecnolog\u00edas, formas y arte de cada per\u00edodo.<\/li><li>Conocer el devenir hist\u00f3rico del espacio lit\u00fargico, desde los primeros tiempos del cristianismo hasta la actualidad.<\/li><li>Capacitar al alumno en reconocer y saber explicar los distintos momentos que atraves\u00f3 y atraviesa el espacio celebrativo cat\u00f3lico.<\/li><li>Dar cuenta del espacio lit\u00fargico presente y las discusiones contempor\u00e1neas existentes basadas en las tendencias arquitect\u00f3nicas actuales, el rol del comitente, el profesional a cargo del dise\u00f1o y la construcci\u00f3n y la comunidad.<\/li><\/ul>\n\n\n\n<p><strong>Destinatarios:<\/strong><br>Esta propuesta formativa est\u00e1 destinada a agentes de pastoral lit\u00fargica y p\u00fablico en general con especial inter\u00e9s en la historia de la arquitectura religiosa.<\/p>\n\n\n\n<p><strong>Profesor:<\/strong><br><strong>Anal\u00eda Ben\u00edtez.&nbsp;<\/strong>Arquitecta y Magister en Gesti\u00f3n del Patrimonio Urbano Arquitect\u00f3nico. Docente de la Facultad de Arquitectura Urbanismo y Dise\u00f1o de la UNMdP, en grado y posgrado; y docente de la EUT para temas de Arquitectura y Arte Sacro. Se encuentra pr\u00f3xima a su defensa de tesis doctoral sobre el espacio religioso posconciliar en Argentina.<br>Delegada Episcopal para los Bienes Culturales desde 2019 (Obispado de Mar del Plata) y miembro de la Comisi\u00f3n Diocesana de Liturgia desde 2006. Ha intervenido en obras de arquitectura relacionadas con templos diocesanos y participado con art\u00edculos de investigaci\u00f3n en congresos nacionales e internacionales, sumando publicaciones en medios acad\u00e9micos y de divulgaci\u00f3n.<\/p>\n\n\n\n<p><strong>Contenidos:<\/strong><\/p>\n\n\n\n<ol type=\"1\"><li>Conceptos iniciales.<\/li><li>El templo cristiano en los primeros tiempos.<\/li><li>Edad Media e inicio de la Edad Moderna.<\/li><li>Contrarreforma y evangelizaci\u00f3n del nuevo mundo.<\/li><li>Los siglos XVIII y XIX.<\/li><li>Los cimientos de la \u00faltima reforma lit\u00fargica.<\/li><li>El Concilio Vaticano II y los tiempos posconciliares.<\/li><\/ol>\n\n\n\n<p><strong>Carga horaria:<\/strong>&nbsp;80 horas reloj.<\/p>\n\n\n\n<p><strong>Fecha de inicio:<\/strong>&nbsp;21 de agosto de 2023.<\/p>\n\n\n\n<p><strong>Duraci\u00f3n:\u00a0<\/strong>3 meses<\/p>\n\n\n\n<figure class=\"wp-block-image size-large\"><img loading=\"lazy\" width=\"1017\" height=\"1024\" src=\"https:\/\/www.obispado-mdp.org.ar\/a\/wp-content\/uploads\/2023\/07\/eut-arquit-1017x1024.jpg\" alt=\"\" class=\"wp-image-40992\"\/><\/figure>\n","protected":false},"excerpt":{"rendered":"<p>Tres nuevos cursos sobre liturgia ofrece la Escuela Universitaria de Teolog\u00eda del Obispado de Mar del Plata. \u00abLA BENDICI\u00d3N DE DIOS DESDE EL NUEVO BENDICIONAL ARGENTINO\u00bb La Escuela Universitaria de Teolog\u00eda &#8211; Cedier presenta SU Curso virtual 2do. Del 2do semestre 2023 sobre la bendici\u00f3n como instrumento de evangelizaci\u00f3n. Objetivos Descubrir el bendicional como aquel [&hellip;]<\/p>\n","protected":false},"author":4,"featured_media":40990,"comment_status":"open","ping_status":"open","sticky":false,"template":"","format":"standard","meta":{"_et_pb_use_builder":"","_et_pb_old_content":"","_et_gb_content_width":""},"categories":[5],"tags":[],"aioseo_notices":[],"_links":{"self":[{"href":"https:\/\/www.obispado-mdp.org.ar\/a\/wp-json\/wp\/v2\/posts\/40989"}],"collection":[{"href":"https:\/\/www.obispado-mdp.org.ar\/a\/wp-json\/wp\/v2\/posts"}],"about":[{"href":"https:\/\/www.obispado-mdp.org.ar\/a\/wp-json\/wp\/v2\/types\/post"}],"author":[{"embeddable":true,"href":"https:\/\/www.obispado-mdp.org.ar\/a\/wp-json\/wp\/v2\/users\/4"}],"replies":[{"embeddable":true,"href":"https:\/\/www.obispado-mdp.org.ar\/a\/wp-json\/wp\/v2\/comments?post=40989"}],"version-history":[{"count":1,"href":"https:\/\/www.obispado-mdp.org.ar\/a\/wp-json\/wp\/v2\/posts\/40989\/revisions"}],"predecessor-version":[{"id":40993,"href":"https:\/\/www.obispado-mdp.org.ar\/a\/wp-json\/wp\/v2\/posts\/40989\/revisions\/40993"}],"wp:featuredmedia":[{"embeddable":true,"href":"https:\/\/www.obispado-mdp.org.ar\/a\/wp-json\/wp\/v2\/media\/40990"}],"wp:attachment":[{"href":"https:\/\/www.obispado-mdp.org.ar\/a\/wp-json\/wp\/v2\/media?parent=40989"}],"wp:term":[{"taxonomy":"category","embeddable":true,"href":"https:\/\/www.obispado-mdp.org.ar\/a\/wp-json\/wp\/v2\/categories?post=40989"},{"taxonomy":"post_tag","embeddable":true,"href":"https:\/\/www.obispado-mdp.org.ar\/a\/wp-json\/wp\/v2\/tags?post=40989"}],"curies":[{"name":"wp","href":"https:\/\/api.w.org\/{rel}","templated":true}]}}