{"id":40998,"date":"2023-07-28T07:06:39","date_gmt":"2023-07-28T10:06:39","guid":{"rendered":"https:\/\/www.obispado-mdp.org.ar\/a\/?p=40998"},"modified":"2023-07-28T10:52:45","modified_gmt":"2023-07-28T13:52:45","slug":"mons-gabriel-antonio-mestre-nuevo-arzobispo-de-la-plata","status":"publish","type":"post","link":"https:\/\/www.obispado-mdp.org.ar\/a\/mons-gabriel-antonio-mestre-nuevo-arzobispo-de-la-plata\/","title":{"rendered":"Mons. Gabriel Antonio Mestre, nuevo arzobispo de La Plata"},"content":{"rendered":"\n<p class=\"has-pale-cyan-blue-background-color has-background\"><strong>El papa Francisco nombr\u00f3 arzobispo de La Plata a Mons. Mestre, de 54 a\u00f1os, hasta ahora obispo de Mar del Plata.<\/strong><\/p>\n\n\n\n<p>El Santo Padre Francisco design\u00f3 arzobispo de la arquidi\u00f3cesis de La Plata a monse\u00f1or&nbsp;<a href=\"https:\/\/aica.org\/obispo-mestre-gabriel-antonio\" target=\"_blank\" rel=\"noreferrer noopener\">Gabriel Antonio Mestre<\/a>, de 54 a\u00f1os, actualmente obispo de Mar del Plata.<\/p>\n\n\n\n<ul id=\"block-039a579e-6d2d-4cad-9646-941657c25262\"><li>28 DE JULIO, 2023<\/li><li>LA PLATA (BUENOS AIRES) (AICA)<\/li><\/ul>\n\n\n\n<p>El nombramiento fue publicado hoy, en forma simult\u00e1nea en Roma y en Buenos Aires. Aqu\u00ed lo hizo el nuncio apost\u00f3lico, monse\u00f1or&nbsp;<a href=\"https:\/\/aica.org\/obispo-adamczyk-miroslaw\" target=\"_blank\" rel=\"noreferrer noopener\">Miroslaw Adamczyk<\/a>, a trav\u00e9s de la agencia AICA.<\/p>\n\n\n\n<p><strong>Datos biogr\u00e1ficos de Mons. Mestre<br><\/strong>Naci\u00f3 en Mar del Plata, provincia de Buenos Aires, el 15 de septiembre de 1968; ordenado sacerdote el 16 de mayo de 1997 por monse\u00f1or Jos\u00e9 Mar\u00eda Arancedo, entonces obispo de Mar del Plata; elegido obispo Mar del Plata el 18 de julio de 2017 por el papa Francisco; ordenado obispo el 26 de agosto de 2017 en la catedral de los Santos Pedro y Cecilia de Mar del Plata. Tom\u00f3 posesi\u00f3n e inici\u00f3 su ministerio pastoral como s\u00e9ptimo obispo de Mar del Plata ese mismo d\u00eda.&nbsp;<\/p>\n\n\n\n<p>Es licenciado en Teolog\u00eda con especializaci\u00f3n en Sagrada Escritura por la Universidad Cat\u00f3lica Argentina.<\/p>\n\n\n\n<p>En la Conferencia Episcopal Argentina es miembro de la comisi\u00f3n de Catequesis, Animaci\u00f3n y Pastoral B\u00edblica.<\/p>\n\n\n\n<p>Su lema episcopal: \u201cJesucristo es nuestra paz\u201d.<\/p>\n\n\n\n<p><strong>La arquidi\u00f3cesis de La Plata<br><\/strong>Creada el 15 de marzo de 1897 como di\u00f3cesis por el papa Le\u00f3n XIII y elevada a arquidi\u00f3cesis el 20 de abril de 1934 por el papa P\u00edo XI, comprende, en la provincia de Buenos Aires, los partidos de Berisso, Ensenada, La Plata, Magdalena y Punta Indio, con una superficie total de 4.652 kil\u00f3metros cuadrados y una poblaci\u00f3n de 1.040.280 habitantes de los cuales se estima que el 85 por ciento son cat\u00f3licos.<\/p>\n\n\n\n<p>Seg\u00fan el Anuario Pontificio 2022, la arquidi\u00f3cesis cuenta con 78 parroquias, 138 sacerdotes (123 diocesanos y 15 religiosos), 4 di\u00e1conos permanentes, 87 seminaristas mayores, 45 religiosos, 333 religiosas y 192 centros educativos de la Iglesia.<\/p>\n\n\n\n<p><strong>Obispos<br><\/strong>El primer obispo de La Plata, cuando esta di\u00f3cesis abarcaba las provincias de Buenos Aires y La Pampa, fue Mons. Mariano Antonio Espinosa (1898-1900).<\/p>\n\n\n\n<p>Lo sucedi\u00f3 como segundo obispo platense Mons. Juan Nepomuceno Terrero (1901-1921). Falleci\u00f3 el 10 de enero de 1921.<\/p>\n\n\n\n<p><strong>Arzobispos<br><\/strong>Tercer obispo de La Plata fue Mons. Francisco Alberti. Al ser elevada la di\u00f3cesis al rango de arquidi\u00f3cesis, Mons. Alberti se convirti\u00f3 en el primer arzobispo de La Plata. (1921-1938). Muri\u00f3 el 27 de junio de 1938.<\/p>\n\n\n\n<p>El segundo arzobispo platense (y cuarto diocesano) fue Mons. Juan Pascual Chimento (1938-1946). Falleci\u00f3 el 20 de diciembre de 1946.<\/p>\n\n\n\n<p>Lo sucedi\u00f3 como tercer arzobispo (y quinto diocesano) de La Plata, Mons. Tom\u00e1s Juan Carlos Solari (1948-1954). Falleci\u00f3 el 13 de mayo de 1954.<\/p>\n\n\n\n<p>Cuarto arzobispo (y sexto diocesano) fue Mons. Antonio Jos\u00e9 Plaza 1955-1985). Muri\u00f3 el 11 de agosto de 1987.<\/p>\n\n\n\n<p>Quinto arzobispo (y s\u00e9ptimo diocesano) de La Plata fue Mons. Antonio Quarracino (1985-1990).<\/p>\n\n\n\n<p>Sexto arzobispo (y octavo diocesano) fue Mons. Carlos Gal\u00e1n (1991-2000).<\/p>\n\n\n\n<p>S\u00e9ptimo arzobispo (y noveno diocesano) fue Mons. H\u00e9ctor Rub\u00e9n Aguer (2000-2018).<\/p>\n\n\n\n<p>Octavo arzobispo (y d\u00e9cimo diocesano) fue Mons. V\u00edctor Manuel Fern\u00e1ndez (2018-2023)<\/p>\n\n\n\n<p>Monse\u00f1or Gabriel Antonio Mestre ser\u00e1 el 9\u00ba arzobispo (y 11\u00ba diocesano) de la arquidi\u00f3cesis de La Plata.+<\/p>\n\n\n\n<figure class=\"wp-block-image size-large\"><img loading=\"lazy\" width=\"873\" height=\"1024\" src=\"https:\/\/www.obispado-mdp.org.ar\/a\/wp-content\/uploads\/2023\/07\/MONS-MESTRE-ARZOBISPO-DE-LA-PLATA-873x1024.jpg\" alt=\"\" class=\"wp-image-40999\"\/><\/figure>\n","protected":false},"excerpt":{"rendered":"<p>El papa Francisco nombr\u00f3 arzobispo de La Plata a Mons. Mestre, de 54 a\u00f1os, hasta ahora obispo de Mar del Plata. El Santo Padre Francisco design\u00f3 arzobispo de la arquidi\u00f3cesis de La Plata a monse\u00f1or&nbsp;Gabriel Antonio Mestre, de 54 a\u00f1os, actualmente obispo de Mar del Plata. 28 DE JULIO, 2023 LA PLATA (BUENOS AIRES) (AICA) [&hellip;]<\/p>\n","protected":false},"author":4,"featured_media":41000,"comment_status":"open","ping_status":"open","sticky":false,"template":"","format":"standard","meta":{"_et_pb_use_builder":"","_et_pb_old_content":"","_et_gb_content_width":""},"categories":[4,9,12],"tags":[],"aioseo_notices":[],"_links":{"self":[{"href":"https:\/\/www.obispado-mdp.org.ar\/a\/wp-json\/wp\/v2\/posts\/40998"}],"collection":[{"href":"https:\/\/www.obispado-mdp.org.ar\/a\/wp-json\/wp\/v2\/posts"}],"about":[{"href":"https:\/\/www.obispado-mdp.org.ar\/a\/wp-json\/wp\/v2\/types\/post"}],"author":[{"embeddable":true,"href":"https:\/\/www.obispado-mdp.org.ar\/a\/wp-json\/wp\/v2\/users\/4"}],"replies":[{"embeddable":true,"href":"https:\/\/www.obispado-mdp.org.ar\/a\/wp-json\/wp\/v2\/comments?post=40998"}],"version-history":[{"count":2,"href":"https:\/\/www.obispado-mdp.org.ar\/a\/wp-json\/wp\/v2\/posts\/40998\/revisions"}],"predecessor-version":[{"id":41007,"href":"https:\/\/www.obispado-mdp.org.ar\/a\/wp-json\/wp\/v2\/posts\/40998\/revisions\/41007"}],"wp:featuredmedia":[{"embeddable":true,"href":"https:\/\/www.obispado-mdp.org.ar\/a\/wp-json\/wp\/v2\/media\/41000"}],"wp:attachment":[{"href":"https:\/\/www.obispado-mdp.org.ar\/a\/wp-json\/wp\/v2\/media?parent=40998"}],"wp:term":[{"taxonomy":"category","embeddable":true,"href":"https:\/\/www.obispado-mdp.org.ar\/a\/wp-json\/wp\/v2\/categories?post=40998"},{"taxonomy":"post_tag","embeddable":true,"href":"https:\/\/www.obispado-mdp.org.ar\/a\/wp-json\/wp\/v2\/tags?post=40998"}],"curies":[{"name":"wp","href":"https:\/\/api.w.org\/{rel}","templated":true}]}}