{"id":41008,"date":"2023-07-29T12:11:19","date_gmt":"2023-07-29T15:11:19","guid":{"rendered":"https:\/\/www.obispado-mdp.org.ar\/a\/?p=41008"},"modified":"2023-07-29T12:13:05","modified_gmt":"2023-07-29T15:13:05","slug":"repercusiones-mediaticas-del-nombramiento-del-padre-obispo-gabriel-como-arzobispo-de-la-plata","status":"publish","type":"post","link":"https:\/\/www.obispado-mdp.org.ar\/a\/repercusiones-mediaticas-del-nombramiento-del-padre-obispo-gabriel-como-arzobispo-de-la-plata\/","title":{"rendered":"ALGUNAS REPERCUSIONES MEDI\u00c1TICAS DEL NOMBRAMIENTO DEL PADRE OBISPO GABRIEL COMO ARZOBISPO DE LA PLATA."},"content":{"rendered":"\n<p class=\"has-light-green-cyan-background-color has-background\"><strong>M\u00faltiples e inmediatas fueron las repercusiones medi\u00e1ticas por la designaci\u00f3n de Mons. Gabriel Mestre como arzobispo de La Plata que el Santo Padre Francisco dio a conocer ayer a trav\u00e9s de <a href=\"https:\/\/www.vaticannews.va\/es\/papa\/news\/2023-07\/nombramiento-pontificio-mestre-arzobispo-la-plata-argentina.html\">https:\/\/www.vaticannews.va\/es\/papa\/news\/2023-07\/nombramiento-pontificio-mestre-arzobispo-la-plata-argentina.html<\/a><\/strong> Publicamos solo algunas repercusiones con comentarios y opiniones de medios nacionales, locales y de La Plata.<\/p>\n\n\n\n<p>El diario LA CAPITAL &nbsp;de Mar del Plata publico este primer comentario bajo el t\u00edtulo<strong> \u201cJoven, descontracturado y antigrieta, el obispo netamente marplatense deja un gran legado\u201d<\/strong><\/p>\n\n\n\n<p>Monse\u00f1or Gabriel Mestre, primer obispo de Mar del Plata nacido en la ciudad, con su estilo joven y descontracturado y siendo un fervoroso militante de la antigrieta, deja un gran recuerdo entre quienes lo conocieron. Di\u00e1logo, empat\u00eda, creaci\u00f3n de mesas de trabajo y soluciones inmediatas fueron las principales caracter\u00edsticas de su accionar en la di\u00f3cesis local a lo largo de casi seis a\u00f1os. <a href=\"https:\/\/www.lacapitalmdp.com\/joven-descontracturado-y-antigrieta-el-obispo-netamente-marplatense-deja-un-gran-legado\/\">https:\/\/www.lacapitalmdp.com\/joven-descontracturado-y-antigrieta-el-obispo-netamente-marplatense-deja-un-gran-legado\/<\/a><\/p>\n\n\n\n<p>En tanto que el Diario LA NACION titula <strong>\u201cEl Papa design\u00f3 al nuevo arzobispo de La Plata y reforz\u00f3 la renovaci\u00f3n en la c\u00fapula de la Iglesia\u201d <\/strong>Es Gabriel Antonio Mestre, quien hasta ahora se desempe\u00f1aba como obispo en Mar del Plata; reemplazar\u00e1 a V\u00edctor Manuel Fern\u00e1ndez, quien ir\u00e1 a Roma, tras ser nombrado cardenal y prefecto del Dicasterio para la Doctrina de la Fe. En uno de sus p\u00e1rrafos destaca \u201cMestre es un obispo joven, tiene 54 a\u00f1os, pr\u00e1cticamente de la misma generaci\u00f3n que Jorge Garc\u00eda Cuerva (55), quien recientemente asumi\u00f3 como arzobispo de Buenos Aires. <strong>Impulsor de la b\u00fasqueda del di\u00e1logo en el \u00e1mbito pol\u00edtico y del compromiso social, promueve una Iglesia abierta a la cultura contempor\u00e1nea y est\u00e1 plenamente identificado con la l\u00ednea pastoral de Francisco. Se lo conoce como un obispo descontracturado, de buena sinton\u00eda con los j\u00f3venes y predicador incansable de la necesidad de superar la grieta.<\/strong> Con esta designaci\u00f3n, Francisco ratifica una l\u00ednea pastoral de apertura, abierta por V\u00edctor Fern\u00e1ndez en los \u00faltimos cinco a\u00f1os, en una arquidi\u00f3cesis que ven\u00eda siendo conducida por arzobispos de posiciones m\u00e1s conservadoras, c\u00f3mo H\u00e9ctor Aguer\u201d <a href=\"https:\/\/www.lanacion.com.ar\/politica\/el-papa-designo-al-nuevo-arzobispo-de-la-plata-que-reemplazara-a-victor-fernandez-nid28072023\/\">https:\/\/www.lanacion.com.ar\/politica\/el-papa-designo-al-nuevo-arzobispo-de-la-plata-que-reemplazara-a-victor-fernandez-nid28072023\/<\/a><\/p>\n\n\n\n<p>Por su parte el diario CLARIN destaca en una nota firmada por Sergio Rubin que <strong>\u201cEl Papa Francisco contin\u00faa con la renovaci\u00f3n de la Iglesia en la Argentina, eligiendo obispos j\u00f3venes y en sinton\u00eda con su estilo de apertura a los nuevos tiempos para arquidi\u00f3cesis relevantes\u201d.<\/strong> Tras la designaci\u00f3n de Jorge Garc\u00eda Cuerva, de 55 a\u00f1os, como arzobispo de Buenos Aires, ahora nombr\u00f3 a Gabriel Mestre, de 54 a\u00f1os, como arzobispo de La Plata. Mestre estaba a frente de la di\u00f3cesis de Mar del Plata, donde logr\u00f3 construir una fluida y cordial relaci\u00f3n con los pol\u00edticos de los diversos espacios y los dirigentes de distintos sectores. De hecho, en marzo reuni\u00f3 a medio centenar de ellos en un encuentro bajo el lema \u201cLa vida es tiempo de encuentro\u201d. <a href=\"https:\/\/www.clarin.com\/sociedad\/papa-vuelve-elegir-obispo-joven-arzobispado-clave-gabriel-mestre_0_BAnZ6I749Z.html\">https:\/\/www.clarin.com\/sociedad\/papa-vuelve-elegir-obispo-joven-arzobispado-clave-gabriel-mestre_0_BAnZ6I749Z.html<\/a><\/p>\n\n\n\n<p>En INFOBAE &nbsp;el t\u00edtulo es <strong>\u201cEl Papa Francisco design\u00f3 a Gabriel Antonio Mestre como nuevo arzobispo de La Plata\u201d<\/strong><br>El Sumo Pont\u00edfice nombr\u00f3 al actual obispo de Mar del Plata en reemplazo de monse\u00f1or V\u00edctor Manuel Fern\u00e1ndez quien fue nombrado como prefecto en el Vaticano. <a href=\"https:\/\/www.infobae.com\/sociedad\/2023\/07\/28\/el-papa-francisco-designo-a-gabriel-antonio-mestre-como-nuevo-arzobispo-de-la-plata\/\">https:\/\/www.infobae.com\/sociedad\/2023\/07\/28\/el-papa-francisco-designo-a-gabriel-antonio-mestre-como-nuevo-arzobispo-de-la-plata\/<\/a><\/p>\n\n\n\n<p>EL PORTAL 0221, el diario on line de La Plata destaca <strong>\u201cJesucristo es nuestra paz\u201d<\/strong> es el lema episcopal de Mestre, quien adem\u00e1s preside la Comisi\u00f3n de Catequesis, Animaci\u00f3n y Pastoral B\u00edblica, en la Conferencia Episcopal Argentina. El flamante arzobispo dirigir\u00e1 la arquidi\u00f3cesis de La Plata, que comprende los partidos de Berisso, Ensenada, La Plata, Magdalena y Punta Indio, con una superficie total de 4.652 kil\u00f3metros cuadrados y una poblaci\u00f3n de 1.040.280 habitantes, de los cuales se estima que el 85 por ciento son cat\u00f3licos. Dicha arquidi\u00f3cesis cuenta con 78 parroquias, 138 sacerdotes, 333 religiosas y 192 centros educativos de la Iglesia\u201d. <a href=\"https:\/\/www.0221.com.ar\/nota\/2023-7-28-13-26-0-marplatense-y-de-54-anos-quien-es-el-nuevo-arzobispo-de-la-plata\">https:\/\/www.0221.com.ar\/nota\/2023-7-28-13-26-0-marplatense-y-de-54-anos-quien-es-el-nuevo-arzobispo-de-la-plata<\/a><\/p>\n\n\n\n<p>INFOCIELO, de La Plata dice \u201cGabriel Mestre, nuevo Arzobispo de La Plata: <strong>\u00abNo estoy en ninguno de los lados de la grieta\u00bb<\/strong> y tambi\u00e9n indic\u00f3 que ser\u00e1 un \u00ab&#8216;ser anunciador de la paz&#8217;, o como dice el Papa Francisco \u2018artesano de la paz\u2019 , en todos los \u00e1mbitos. Es dialogar con todos los sacerdotes, con la sociedad civil, pol\u00edticos y sindicalistas para construir una patria de la paz.\u201d \u201cTenemos que ser pluralistas con los creyentes no creyentes buscando el bien com\u00fan\u201d, concluy\u00f3 respecto al tema. <a href=\"https:\/\/infocielo.com\/la-plata\/gabriel-mestre-nuevo-arzobispo-la-plata-no-estoy-ninguno-los-lados-la-grieta-n768276\">https:\/\/infocielo.com\/la-plata\/gabriel-mestre-nuevo-arzobispo-la-plata-no-estoy-ninguno-los-lados-la-grieta-n768276<\/a><\/p>\n\n\n\n<p><\/p>\n\n\n\n<figure class=\"wp-container-2 wp-block-gallery-1 wp-block-gallery has-nested-images columns-default is-cropped\">\n<figure class=\"wp-block-image size-large\"><img loading=\"lazy\" width=\"1009\" height=\"653\" data-id=\"41012\"  src=\"https:\/\/www.obispado-mdp.org.ar\/a\/wp-content\/uploads\/2023\/07\/CLARIN-2.jpg\" alt=\"\" class=\"wp-image-41012\"\/><\/figure>\n\n\n\n<figure class=\"wp-block-image size-large\"><img loading=\"lazy\" width=\"1024\" height=\"570\" data-id=\"41010\"  src=\"https:\/\/www.obispado-mdp.org.ar\/a\/wp-content\/uploads\/2023\/07\/INFOBAE-2-1024x570.jpg\" alt=\"\" class=\"wp-image-41010\"\/><\/figure>\n\n\n\n<figure class=\"wp-block-image size-large\"><img loading=\"lazy\" width=\"945\" height=\"632\" data-id=\"41009\"  src=\"https:\/\/www.obispado-mdp.org.ar\/a\/wp-content\/uploads\/2023\/07\/INFOCIELO-2.jpg\" alt=\"\" class=\"wp-image-41009\"\/><\/figure>\n\n\n\n<figure class=\"wp-block-image size-large\"><img loading=\"lazy\" width=\"996\" height=\"722\" data-id=\"41014\"  src=\"https:\/\/www.obispado-mdp.org.ar\/a\/wp-content\/uploads\/2023\/07\/LA-CAPITAL-2.jpg\" alt=\"\" class=\"wp-image-41014\"\/><\/figure>\n\n\n\n<figure class=\"wp-block-image size-large\"><img loading=\"lazy\" width=\"1024\" height=\"529\" data-id=\"41013\"  src=\"https:\/\/www.obispado-mdp.org.ar\/a\/wp-content\/uploads\/2023\/07\/LA-NACION-2-1024x529.jpg\" alt=\"\" class=\"wp-image-41013\"\/><\/figure>\n\n\n\n<figure class=\"wp-block-image size-large\"><img loading=\"lazy\" width=\"1024\" height=\"768\" data-id=\"41011\"  src=\"https:\/\/www.obispado-mdp.org.ar\/a\/wp-content\/uploads\/2023\/07\/TN-1024x768.jpg\" alt=\"\" class=\"wp-image-41011\"\/><\/figure>\n<\/figure>\n","protected":false},"excerpt":{"rendered":"<p>M\u00faltiples e inmediatas fueron las repercusiones medi\u00e1ticas por la designaci\u00f3n de Mons. Gabriel Mestre como arzobispo de La Plata que el Santo Padre Francisco dio a conocer ayer a trav\u00e9s de https:\/\/www.vaticannews.va\/es\/papa\/news\/2023-07\/nombramiento-pontificio-mestre-arzobispo-la-plata-argentina.html Publicamos solo algunas repercusiones con comentarios y opiniones de medios nacionales, locales y de La Plata. El diario LA CAPITAL &nbsp;de Mar del [&hellip;]<\/p>\n","protected":false},"author":4,"featured_media":41015,"comment_status":"open","ping_status":"open","sticky":false,"template":"","format":"standard","meta":{"_et_pb_use_builder":"","_et_pb_old_content":"","_et_gb_content_width":""},"categories":[4],"tags":[],"aioseo_notices":[],"_links":{"self":[{"href":"https:\/\/www.obispado-mdp.org.ar\/a\/wp-json\/wp\/v2\/posts\/41008"}],"collection":[{"href":"https:\/\/www.obispado-mdp.org.ar\/a\/wp-json\/wp\/v2\/posts"}],"about":[{"href":"https:\/\/www.obispado-mdp.org.ar\/a\/wp-json\/wp\/v2\/types\/post"}],"author":[{"embeddable":true,"href":"https:\/\/www.obispado-mdp.org.ar\/a\/wp-json\/wp\/v2\/users\/4"}],"replies":[{"embeddable":true,"href":"https:\/\/www.obispado-mdp.org.ar\/a\/wp-json\/wp\/v2\/comments?post=41008"}],"version-history":[{"count":4,"href":"https:\/\/www.obispado-mdp.org.ar\/a\/wp-json\/wp\/v2\/posts\/41008\/revisions"}],"predecessor-version":[{"id":41020,"href":"https:\/\/www.obispado-mdp.org.ar\/a\/wp-json\/wp\/v2\/posts\/41008\/revisions\/41020"}],"wp:featuredmedia":[{"embeddable":true,"href":"https:\/\/www.obispado-mdp.org.ar\/a\/wp-json\/wp\/v2\/media\/41015"}],"wp:attachment":[{"href":"https:\/\/www.obispado-mdp.org.ar\/a\/wp-json\/wp\/v2\/media?parent=41008"}],"wp:term":[{"taxonomy":"category","embeddable":true,"href":"https:\/\/www.obispado-mdp.org.ar\/a\/wp-json\/wp\/v2\/categories?post=41008"},{"taxonomy":"post_tag","embeddable":true,"href":"https:\/\/www.obispado-mdp.org.ar\/a\/wp-json\/wp\/v2\/tags?post=41008"}],"curies":[{"name":"wp","href":"https:\/\/api.w.org\/{rel}","templated":true}]}}