{"id":41033,"date":"2023-08-02T08:49:22","date_gmt":"2023-08-02T11:49:22","guid":{"rendered":"https:\/\/www.obispado-mdp.org.ar\/a\/?p=41033"},"modified":"2023-08-02T08:49:28","modified_gmt":"2023-08-02T11:49:28","slug":"bendicion-del-nuevo-hogar-para-personas-en-situacion-de-calle","status":"publish","type":"post","link":"https:\/\/www.obispado-mdp.org.ar\/a\/bendicion-del-nuevo-hogar-para-personas-en-situacion-de-calle\/","title":{"rendered":"BENDICI\u00d3N DEL NUEVO HOGAR PARA PERSONAS EN SITUACI\u00d3N DE CALLE."},"content":{"rendered":"\n<p class=\"has-pale-cyan-blue-background-color has-background\"><strong>El padre obispo Gabriel Mestre bendijo con una Misa el Hogar \u201cHijos de Mar\u00eda\u201d.\u00a0 Nuevas instalaciones donde la Noche de la Caridad ampliar\u00e1 su servicio de comida y habitaci\u00f3n a quienes se encuentren en situaci\u00f3n de calle.<\/strong><\/p>\n\n\n\n<p>Con una misa presidida por Mons Gabriel Mestre, administrador de la di\u00f3cesis y arzobispo electo de La Plata, junto a la presencia del Marcelo Cippitelli, director de asuntos contenciosos de la Agencia de Administraci\u00f3n de Bienes del Estado (AABE), el Padre Choby asesor de la Noche de la Caridad y miembros de ese servicio apost\u00f3lico de las parroquias de la ciudad y los beneficiarios de la asistencia de este servicio de caridad.<\/p>\n\n\n\n<p>El obispado est\u00e1 reciclando las instalaciones del viejo \u201cHotel City\u201d, un inmueble otorgado en custodia a la Di\u00f3cesis de Mar del Plata de forma provisoria ubicado en Diagonal Alberdi Norte 2561. Se habilit\u00f3 un sector de 12 camas mientras contin\u00faan los trabajos de refacci\u00f3n del inmueble que se encuentra deteriorado.<\/p>\n\n\n\n<p>Homil\u00eda<\/p>\n\n\n\n<p>En su homil\u00eda el padre obispo Gabriel expreso: \u201cEstamos sembrando la buena semilla en un lugar oscuro, signado por una historia tr\u00e1gica en esta casa. Este lugar que hoy bendecimos es signo de la luz del poder de Dios que triunfa sobre la oscuridad de mal. Quiero agradecer la vocaci\u00f3n del equipo de la Noche de la Caridad junto al AEEE hacen posible dar luz a este lugar para recibir a los hermanos que necesitan protegerse del fr\u00edo de la noche marplatense. Este es un lugar del buen trigo que super\u00f3 la ciza\u00f1a de una historia oscura\u201d, dijo Mestre.<\/p>\n\n\n\n<p>El obispo agradeci\u00f3 a todos los que se involucran en este proyecto coordinado por el padre Choby que \u201cnos permite recoger el trigo bueno separado de la ciza\u00f1a\u201d.<\/p>\n\n\n\n<p>Luego, dirigi\u00e9ndose a los hermanos en situaci\u00f3n de calle que hoy se incorporan a este hogar les dio la bienvenida a esta casa expresando: \u201ceste es un Hogar, no es un hotel, y se llama Hijos de Mar\u00eda para que las personas en situaci\u00f3n de calle reciban el trato de un hogar c\u00e1lido y afectivo propio de las familias de Dios\u201d, finalizo el obispo.<\/p>\n\n\n\n<figure class=\"wp-container-2 wp-block-gallery-1 wp-block-gallery has-nested-images columns-default is-cropped\">\n<figure class=\"wp-block-image size-large\"><img loading=\"lazy\" width=\"1024\" height=\"768\" data-id=\"41039\"  src=\"https:\/\/www.obispado-mdp.org.ar\/a\/wp-content\/uploads\/2023\/08\/1f0d6974-5e1c-453f-8e00-e436d3fbc78d-1024x768.jpg\" alt=\"\" class=\"wp-image-41039\"\/><\/figure>\n\n\n\n<figure class=\"wp-block-image size-large\"><img loading=\"lazy\" width=\"1024\" height=\"768\" data-id=\"41035\"  src=\"https:\/\/www.obispado-mdp.org.ar\/a\/wp-content\/uploads\/2023\/08\/35c20edf-1b29-4858-bdef-7272a5d28be1-1024x768.jpg\" alt=\"\" class=\"wp-image-41035\"\/><\/figure>\n\n\n\n<figure class=\"wp-block-image size-large\"><img loading=\"lazy\" width=\"768\" height=\"1024\" data-id=\"41038\"  src=\"https:\/\/www.obispado-mdp.org.ar\/a\/wp-content\/uploads\/2023\/08\/39b1b869-c279-4daf-a3ca-2dfec83620b7-768x1024.jpg\" alt=\"\" class=\"wp-image-41038\"\/><\/figure>\n\n\n\n<figure class=\"wp-block-image size-large\"><img loading=\"lazy\" width=\"1024\" height=\"768\" data-id=\"41044\"  src=\"https:\/\/www.obispado-mdp.org.ar\/a\/wp-content\/uploads\/2023\/08\/66dd801c-91d7-4462-b659-d59f21d7eaba-1024x768.jpg\" alt=\"\" class=\"wp-image-41044\"\/><\/figure>\n\n\n\n<figure class=\"wp-block-image size-large\"><img loading=\"lazy\" width=\"1024\" height=\"768\" data-id=\"41036\"  src=\"https:\/\/www.obispado-mdp.org.ar\/a\/wp-content\/uploads\/2023\/08\/477c67f4-be95-4334-9af9-7410e5d2dddc-1024x768.jpg\" alt=\"\" class=\"wp-image-41036\"\/><\/figure>\n\n\n\n<figure class=\"wp-block-image size-large\"><img loading=\"lazy\" width=\"1024\" height=\"768\" data-id=\"41042\"  src=\"https:\/\/www.obispado-mdp.org.ar\/a\/wp-content\/uploads\/2023\/08\/987f9a07-a92c-4cf4-a2dd-bc8ff261a715-1024x768.jpg\" alt=\"\" class=\"wp-image-41042\"\/><\/figure>\n\n\n\n<figure class=\"wp-block-image size-large\"><img loading=\"lazy\" width=\"1024\" height=\"768\" data-id=\"41034\"  src=\"https:\/\/www.obispado-mdp.org.ar\/a\/wp-content\/uploads\/2023\/08\/1238b885-b9ae-42dc-bd1d-b362ae2273a3-1024x768.jpg\" alt=\"\" class=\"wp-image-41034\"\/><\/figure>\n\n\n\n<figure class=\"wp-block-image size-large\"><img loading=\"lazy\" width=\"1024\" height=\"768\" data-id=\"41043\"  src=\"https:\/\/www.obispado-mdp.org.ar\/a\/wp-content\/uploads\/2023\/08\/585387b5-bf67-4198-ae1c-77f0c5a0404f-1024x768.jpg\" alt=\"\" class=\"wp-image-41043\"\/><\/figure>\n\n\n\n<figure class=\"wp-block-image size-large\"><img loading=\"lazy\" width=\"1024\" height=\"768\" data-id=\"41037\"  src=\"https:\/\/www.obispado-mdp.org.ar\/a\/wp-content\/uploads\/2023\/08\/a3120697-89bb-4c37-a0a7-547af432bddd-1024x768.jpg\" alt=\"\" class=\"wp-image-41037\"\/><\/figure>\n\n\n\n<figure class=\"wp-block-image size-large\"><img loading=\"lazy\" width=\"1024\" height=\"768\" data-id=\"41045\"  src=\"https:\/\/www.obispado-mdp.org.ar\/a\/wp-content\/uploads\/2023\/08\/acda93e1-4fad-4039-8295-9542e1b39f6d-1024x768.jpg\" alt=\"\" class=\"wp-image-41045\"\/><\/figure>\n\n\n\n<figure class=\"wp-block-image size-large\"><img loading=\"lazy\" width=\"1024\" height=\"768\" data-id=\"41040\"  src=\"https:\/\/www.obispado-mdp.org.ar\/a\/wp-content\/uploads\/2023\/08\/ca913aec-e238-4cda-b708-0708c9dbc2ec-1024x768.jpg\" alt=\"\" class=\"wp-image-41040\"\/><\/figure>\n<\/figure>\n\n\n\n<figure class=\"wp-container-4 wp-block-gallery-3 wp-block-gallery has-nested-images columns-default is-cropped\">\n<figure class=\"wp-block-image size-large\"><img loading=\"lazy\" width=\"1024\" height=\"768\" data-id=\"41046\"  src=\"https:\/\/www.obispado-mdp.org.ar\/a\/wp-content\/uploads\/2023\/08\/0ac270a0-ef45-46f2-93fc-54013bc575f7-1024x768.jpg\" alt=\"\" class=\"wp-image-41046\"\/><\/figure>\n\n\n\n<figure class=\"wp-block-image size-large\"><img loading=\"lazy\" width=\"768\" height=\"1024\" data-id=\"41048\"  src=\"https:\/\/www.obispado-mdp.org.ar\/a\/wp-content\/uploads\/2023\/08\/77bb1c21-72fc-4a9b-8900-51a7931d59e2-768x1024.jpg\" alt=\"\" class=\"wp-image-41048\"\/><\/figure>\n\n\n\n<figure class=\"wp-block-image size-large\"><img loading=\"lazy\" width=\"1024\" height=\"768\" data-id=\"41049\"  src=\"https:\/\/www.obispado-mdp.org.ar\/a\/wp-content\/uploads\/2023\/08\/b2f56dcd-e26e-4430-828f-5b3575dd5794-1024x768.jpg\" alt=\"\" class=\"wp-image-41049\"\/><\/figure>\n\n\n\n<figure class=\"wp-block-image size-large\"><img loading=\"lazy\" width=\"1024\" height=\"594\" data-id=\"41050\"  src=\"https:\/\/www.obispado-mdp.org.ar\/a\/wp-content\/uploads\/2023\/08\/hotel-1024x594.webp\" alt=\"\" class=\"wp-image-41050\"\/><\/figure>\n\n\n\n<figure class=\"wp-block-image size-large\"><img loading=\"lazy\" width=\"1024\" height=\"768\" data-id=\"41047\"  src=\"https:\/\/www.obispado-mdp.org.ar\/a\/wp-content\/uploads\/2023\/08\/Hotel-1024x768-1-1024x768-1.webp\" alt=\"\" class=\"wp-image-41047\"\/><\/figure>\n<\/figure>\n\n\n\n<figure class=\"wp-block-image size-large\"><img loading=\"lazy\" width=\"1024\" height=\"768\" src=\"https:\/\/www.obispado-mdp.org.ar\/a\/wp-content\/uploads\/2023\/08\/0638bc6e-0d88-4cbc-8af0-ca72bb9aa453-1024x768.jpg\" alt=\"\" class=\"wp-image-41051\"\/><\/figure>\n","protected":false},"excerpt":{"rendered":"<p>El padre obispo Gabriel Mestre bendijo con una Misa el Hogar \u201cHijos de Mar\u00eda\u201d.\u00a0 Nuevas instalaciones donde la Noche de la Caridad ampliar\u00e1 su servicio de comida y habitaci\u00f3n a quienes se encuentren en situaci\u00f3n de calle. Con una misa presidida por Mons Gabriel Mestre, administrador de la di\u00f3cesis y arzobispo electo de La Plata, [&hellip;]<\/p>\n","protected":false},"author":4,"featured_media":41041,"comment_status":"open","ping_status":"open","sticky":false,"template":"","format":"standard","meta":{"_et_pb_use_builder":"","_et_pb_old_content":"","_et_gb_content_width":""},"categories":[4],"tags":[],"aioseo_notices":[],"_links":{"self":[{"href":"https:\/\/www.obispado-mdp.org.ar\/a\/wp-json\/wp\/v2\/posts\/41033"}],"collection":[{"href":"https:\/\/www.obispado-mdp.org.ar\/a\/wp-json\/wp\/v2\/posts"}],"about":[{"href":"https:\/\/www.obispado-mdp.org.ar\/a\/wp-json\/wp\/v2\/types\/post"}],"author":[{"embeddable":true,"href":"https:\/\/www.obispado-mdp.org.ar\/a\/wp-json\/wp\/v2\/users\/4"}],"replies":[{"embeddable":true,"href":"https:\/\/www.obispado-mdp.org.ar\/a\/wp-json\/wp\/v2\/comments?post=41033"}],"version-history":[{"count":1,"href":"https:\/\/www.obispado-mdp.org.ar\/a\/wp-json\/wp\/v2\/posts\/41033\/revisions"}],"predecessor-version":[{"id":41052,"href":"https:\/\/www.obispado-mdp.org.ar\/a\/wp-json\/wp\/v2\/posts\/41033\/revisions\/41052"}],"wp:featuredmedia":[{"embeddable":true,"href":"https:\/\/www.obispado-mdp.org.ar\/a\/wp-json\/wp\/v2\/media\/41041"}],"wp:attachment":[{"href":"https:\/\/www.obispado-mdp.org.ar\/a\/wp-json\/wp\/v2\/media?parent=41033"}],"wp:term":[{"taxonomy":"category","embeddable":true,"href":"https:\/\/www.obispado-mdp.org.ar\/a\/wp-json\/wp\/v2\/categories?post=41033"},{"taxonomy":"post_tag","embeddable":true,"href":"https:\/\/www.obispado-mdp.org.ar\/a\/wp-json\/wp\/v2\/tags?post=41033"}],"curies":[{"name":"wp","href":"https:\/\/api.w.org\/{rel}","templated":true}]}}