{"id":41058,"date":"2023-08-03T08:51:42","date_gmt":"2023-08-03T11:51:42","guid":{"rendered":"https:\/\/www.obispado-mdp.org.ar\/a\/?p=41058"},"modified":"2023-08-03T08:51:53","modified_gmt":"2023-08-03T11:51:53","slug":"junto-a-san-cayetano-pedimos-paz-salud-pan-y-trabajo","status":"publish","type":"post","link":"https:\/\/www.obispado-mdp.org.ar\/a\/junto-a-san-cayetano-pedimos-paz-salud-pan-y-trabajo\/","title":{"rendered":"JUNTO A SAN CAYETANO PEDIMOS PAZ, SALUD, PAN Y TRABAJO."},"content":{"rendered":"\n<p class=\"has-pale-cyan-blue-background-color has-background\"><strong>El pr\u00f3ximo 7 de agosto celebramos a San Cayetano con Misas y la tradicional procesi\u00f3n a las 15hs presidida por el padre Gabriel, arzobispo electo de La Plata.<\/strong><\/p>\n\n\n\n<p><strong>Bajo el lema de este a\u00f1o 2023, \u201cJunto a san Cayetano, pedimos paz, salud, pan y trabajo<\/strong>\u201d se realizar\u00e1n las tradicionales fiestas patronales en honor a San Cayetano, un sacerdote fiel y justo, que busca restaurar en los dem\u00e1s la dignidad de los hijos de Dios y en la sociedad la instauraci\u00f3n de la Paz, la Salud, el Pan y el Trabajo. Por ello es nuestro modelo de vida e intercesor ante Dios. Ser\u00e1 esta la \u00faltima fiesta de San Cayetano en Mar del Plata que preside el padre Gabriel antes de tomar posesi\u00f3n como Arzobispo en La Plata.<\/p>\n\n\n\n<p><strong>PROGRAMA SOLEMNIDAD DE SAN CAYETANO<\/strong><\/p>\n\n\n\n<p>El lunes 7 agosto se realizar\u00e1 el siguiente programa.<\/p>\n\n\n\n<p><strong>Misas: <\/strong>0 hs. Apertura del Templo y Santa Misa.&nbsp;<\/p>\n\n\n\n<p><strong>Otras misas:<\/strong> 6, 8, 11, 15, 19 y&nbsp; 21 hs.<\/p>\n\n\n\n<p><strong>Procesi\u00f3n y Misa principal 15 hs: <\/strong>Presidida por Mons. Gabriel Mestre, administrador de la di\u00f3cesis y arzobispo electo de La Plata.<\/p>\n\n\n\n<p>El templo permanece abierto desde el d\u00eda anterior, solo se cierra unos minutos antes de las 0 hs.<\/p>\n\n\n\n<ul><li>Durante todo el d\u00eda se reciben alimentos y ropa, para los hermanos necesitados.<\/li><li>Habr\u00e1 sacerdotes para confesar y hacer bendiciones.<\/li><li>Habr\u00e1 servicio de Santer\u00eda y el Buffet, en el Sal\u00f3n Parroquial.<\/li><\/ul>\n\n\n\n<p><strong>San Cayetano en Mar del Plata<\/strong><\/p>\n\n\n\n<p>Convocados por la Fe, miles de cristianos se acercan todos los d\u00edas 7 y en especial el 7 de agosto para honrar a este hombre de Dios, y amigo de los pobres. Su devoci\u00f3n se manifiesta con gestos simples: ponerse en camino, estar frente a su imagen en silencio haciendo oraci\u00f3n, encender una vela, traer un alimento para el hermano necesitado, participar de la misa. El santuario se hizo a nuevo, con la generosidad de todos, para recibir a todos, en un clima de fiesta.<\/p>\n\n\n\n<p><strong>\u00bfQu\u00e9 celebramos cada 7 de agosto?<\/strong><\/p>\n\n\n\n<p>Celebramos con toda la Iglesia la memoria de San Cayetano, sacerdote cat\u00f3lico que naci\u00f3 en Vicenza, Italia, en el a\u00f1o 1480 y muere el 7 de agosto de 1547.<\/p>\n\n\n\n<p><strong>\u00bfQui\u00e9n fue San Cayetano?<\/strong><\/p>\n\n\n\n<p>Perteneciente a la nobleza por su familia, estudi\u00f3 abogac\u00eda y derecho eclesi\u00e1stico en Padua. Su coraz\u00f3n generoso lo llev\u00f3 a comprometerse cada vez m\u00e1s, en el servicio de los hermanos necesitados, dando no solo sus bienes sino tambi\u00e9n su propia vida en el sacerdocio, al que se entreg\u00f3 en plenitud. La confianza absoluta en Dios Padre y en su amor providente lo hizo un hombre lleno de esperanza.<\/p>\n\n\n\n<figure class=\"wp-block-image size-full is-resized\"><img loading=\"lazy\" src=\"https:\/\/www.obispado-mdp.org.ar\/a\/wp-content\/uploads\/2023\/08\/SC.jpg\" alt=\"\" class=\"wp-image-41061\" width=\"407\" height=\"259\"\/><\/figure>\n\n\n\n<p>Intenta retomar el estilo de vida de los Ap\u00f3stoles de Jes\u00fas, fundando una congregaci\u00f3n de sacerdotes que quieren imitar al Maestro, hasta las \u00faltimas consecuencias. Tienen como norma no pedir nada, no tener nada, dar la vida por los dem\u00e1s y confiar en la providencia de Dios<\/p>\n\n\n\n<p>Es el hombre de la caridad activa: fund\u00f3 hospitales y asilos, promovi\u00f3 la creaci\u00f3n de un banco en N\u00e1poles para combatir la usura. Organiz\u00f3 una imprenta para dar trabajo a los desocupados.<\/p>\n\n\n\n<p>En su tiempo la iglesia pasaba por serias dificultades y problemas internos. San Cayetano, siempre defendi\u00f3 la unidad de la Iglesia en torno a Jes\u00fas y en fidelidad a las orientaciones del Santo Padre.<\/p>\n\n\n\n<p>&nbsp;Muri\u00f3 intercediendo por la paz de su pueblo.<\/p>\n\n\n\n<p><strong>San Cayetano en Argentina<\/strong><\/p>\n\n\n\n<p>Ligada a los padres jesuitas, llega su devoci\u00f3n a nuestra patria. Cuando estos fueron<\/p>\n\n\n\n<p>expulsados de los territorios de las colonias de Espa\u00f1a una aut\u00e9ntica criolla y devota cristiana Mar\u00eda Antonia de la Paz y Figueroa construye una Capilla a San Cayetano en 1875, en lo que ser\u00e1 m\u00e1s tarde el barrio porte\u00f1o de Liniers. Su devoci\u00f3n fue creciendo luego a los obreros de todo el pa\u00eds, que lo invocan como patrono del Pan y del Trabajo.<\/p>\n\n\n\n<p>En Mar del Plata se inaugura la primera parte del Templo el 7-8-55 y se crea la Parroquia el 29-6-56<\/p>\n\n\n\n<figure class=\"wp-block-image size-large\"><img loading=\"lazy\" width=\"1024\" height=\"1004\" src=\"https:\/\/www.obispado-mdp.org.ar\/a\/wp-content\/uploads\/2023\/08\/GRAFICA-SAN-CAYETANO-CUADRADO-1024x1004.jpg\" alt=\"\" class=\"wp-image-41059\"\/><\/figure>\n","protected":false},"excerpt":{"rendered":"<p>El pr\u00f3ximo 7 de agosto celebramos a San Cayetano con Misas y la tradicional procesi\u00f3n a las 15hs presidida por el padre Gabriel, arzobispo electo de La Plata. Bajo el lema de este a\u00f1o 2023, \u201cJunto a san Cayetano, pedimos paz, salud, pan y trabajo\u201d se realizar\u00e1n las tradicionales fiestas patronales en honor a San [&hellip;]<\/p>\n","protected":false},"author":4,"featured_media":41060,"comment_status":"open","ping_status":"open","sticky":false,"template":"","format":"standard","meta":{"_et_pb_use_builder":"","_et_pb_old_content":"","_et_gb_content_width":""},"categories":[4,12],"tags":[],"aioseo_notices":[],"_links":{"self":[{"href":"https:\/\/www.obispado-mdp.org.ar\/a\/wp-json\/wp\/v2\/posts\/41058"}],"collection":[{"href":"https:\/\/www.obispado-mdp.org.ar\/a\/wp-json\/wp\/v2\/posts"}],"about":[{"href":"https:\/\/www.obispado-mdp.org.ar\/a\/wp-json\/wp\/v2\/types\/post"}],"author":[{"embeddable":true,"href":"https:\/\/www.obispado-mdp.org.ar\/a\/wp-json\/wp\/v2\/users\/4"}],"replies":[{"embeddable":true,"href":"https:\/\/www.obispado-mdp.org.ar\/a\/wp-json\/wp\/v2\/comments?post=41058"}],"version-history":[{"count":1,"href":"https:\/\/www.obispado-mdp.org.ar\/a\/wp-json\/wp\/v2\/posts\/41058\/revisions"}],"predecessor-version":[{"id":41062,"href":"https:\/\/www.obispado-mdp.org.ar\/a\/wp-json\/wp\/v2\/posts\/41058\/revisions\/41062"}],"wp:featuredmedia":[{"embeddable":true,"href":"https:\/\/www.obispado-mdp.org.ar\/a\/wp-json\/wp\/v2\/media\/41060"}],"wp:attachment":[{"href":"https:\/\/www.obispado-mdp.org.ar\/a\/wp-json\/wp\/v2\/media?parent=41058"}],"wp:term":[{"taxonomy":"category","embeddable":true,"href":"https:\/\/www.obispado-mdp.org.ar\/a\/wp-json\/wp\/v2\/categories?post=41058"},{"taxonomy":"post_tag","embeddable":true,"href":"https:\/\/www.obispado-mdp.org.ar\/a\/wp-json\/wp\/v2\/tags?post=41058"}],"curies":[{"name":"wp","href":"https:\/\/api.w.org\/{rel}","templated":true}]}}