{"id":41063,"date":"2023-08-03T12:55:15","date_gmt":"2023-08-03T15:55:15","guid":{"rendered":"https:\/\/www.obispado-mdp.org.ar\/a\/?p=41063"},"modified":"2023-08-03T12:55:21","modified_gmt":"2023-08-03T15:55:21","slug":"el-padre-obispo-se-despidio-de-los-seminaristas","status":"publish","type":"post","link":"https:\/\/www.obispado-mdp.org.ar\/a\/el-padre-obispo-se-despidio-de-los-seminaristas\/","title":{"rendered":"EL PADRE OBISPO SE DESPIDIO DE LOS SEMINARISTAS."},"content":{"rendered":"\n<p class=\"has-pale-cyan-blue-background-color has-background\"><strong>Este mi\u00e9rcoles 2 de Agosto el Obispo Gabriel visit\u00f3 el Seminario San Jos\u00e9 en v\u00edsperas de la fiesta del Santo Cura de Ars.<br>En este contexto comparti\u00f3 la Misa con toda la comunidad del Seminario y la cena con nuestros seminaristas diocesanos a modo de despedida de su etapa como Obispo de la Di\u00f3cesis.<\/strong><\/p>\n\n\n\n<figure class=\"wp-container-2 wp-block-gallery-1 wp-block-gallery has-nested-images columns-default is-cropped\">\n<figure class=\"wp-block-image size-large\"><img loading=\"lazy\" width=\"768\" height=\"1024\" data-id=\"41070\"  src=\"https:\/\/www.obispado-mdp.org.ar\/a\/wp-content\/uploads\/2023\/08\/0a0c284e-240a-47bd-8d10-d8bf452fb5f8-768x1024.jpg\" alt=\"\" class=\"wp-image-41070\"\/><\/figure>\n\n\n\n<figure class=\"wp-block-image size-large\"><img loading=\"lazy\" width=\"1024\" height=\"768\" data-id=\"41065\"  src=\"https:\/\/www.obispado-mdp.org.ar\/a\/wp-content\/uploads\/2023\/08\/4f557b4b-7cf2-4200-ae80-8c5b8cb01107-1024x768.jpg\" alt=\"\" class=\"wp-image-41065\"\/><\/figure>\n\n\n\n<figure class=\"wp-block-image size-large\"><img loading=\"lazy\" width=\"768\" height=\"1024\" data-id=\"41066\"  src=\"https:\/\/www.obispado-mdp.org.ar\/a\/wp-content\/uploads\/2023\/08\/8a3425c3-7aad-41f8-9470-b8d1636d27d4-768x1024.jpg\" alt=\"\" class=\"wp-image-41066\"\/><\/figure>\n\n\n\n<figure class=\"wp-block-image size-large\"><img loading=\"lazy\" width=\"1024\" height=\"768\" data-id=\"41069\"  src=\"https:\/\/www.obispado-mdp.org.ar\/a\/wp-content\/uploads\/2023\/08\/9d131e77-b5ea-42b5-b17b-9ebfbdbc546b-1024x768.jpg\" alt=\"\" class=\"wp-image-41069\"\/><\/figure>\n\n\n\n<figure class=\"wp-block-image size-large\"><img loading=\"lazy\" width=\"768\" height=\"1024\" data-id=\"41064\"  src=\"https:\/\/www.obispado-mdp.org.ar\/a\/wp-content\/uploads\/2023\/08\/99500260-abe4-4b34-8c51-e51d857acaa9-768x1024.jpg\" alt=\"\" class=\"wp-image-41064\"\/><\/figure>\n\n\n\n<figure class=\"wp-block-image size-large\"><img loading=\"lazy\" width=\"1024\" height=\"768\" data-id=\"41068\"  src=\"https:\/\/www.obispado-mdp.org.ar\/a\/wp-content\/uploads\/2023\/08\/bf0062c4-9699-4894-bf36-44b275625222-1024x768.jpg\" alt=\"\" class=\"wp-image-41068\"\/><\/figure>\n\n\n\n<figure class=\"wp-block-image size-large\"><img loading=\"lazy\" width=\"1024\" height=\"768\" data-id=\"41067\"  src=\"https:\/\/www.obispado-mdp.org.ar\/a\/wp-content\/uploads\/2023\/08\/92edb681-2024-4e51-b7a3-d718f45bcfaa-1024x768.jpg\" alt=\"\" class=\"wp-image-41067\"\/><\/figure>\n<\/figure>\n","protected":false},"excerpt":{"rendered":"<p>Este mi\u00e9rcoles 2 de Agosto el Obispo Gabriel visit\u00f3 el Seminario San Jos\u00e9 en v\u00edsperas de la fiesta del Santo Cura de Ars.En este contexto comparti\u00f3 la Misa con toda la comunidad del Seminario y la cena con nuestros seminaristas diocesanos a modo de despedida de su etapa como Obispo de la Di\u00f3cesis.<\/p>\n","protected":false},"author":4,"featured_media":41071,"comment_status":"open","ping_status":"open","sticky":false,"template":"","format":"standard","meta":{"_et_pb_use_builder":"","_et_pb_old_content":"","_et_gb_content_width":""},"categories":[4,9],"tags":[],"aioseo_notices":[],"_links":{"self":[{"href":"https:\/\/www.obispado-mdp.org.ar\/a\/wp-json\/wp\/v2\/posts\/41063"}],"collection":[{"href":"https:\/\/www.obispado-mdp.org.ar\/a\/wp-json\/wp\/v2\/posts"}],"about":[{"href":"https:\/\/www.obispado-mdp.org.ar\/a\/wp-json\/wp\/v2\/types\/post"}],"author":[{"embeddable":true,"href":"https:\/\/www.obispado-mdp.org.ar\/a\/wp-json\/wp\/v2\/users\/4"}],"replies":[{"embeddable":true,"href":"https:\/\/www.obispado-mdp.org.ar\/a\/wp-json\/wp\/v2\/comments?post=41063"}],"version-history":[{"count":1,"href":"https:\/\/www.obispado-mdp.org.ar\/a\/wp-json\/wp\/v2\/posts\/41063\/revisions"}],"predecessor-version":[{"id":41072,"href":"https:\/\/www.obispado-mdp.org.ar\/a\/wp-json\/wp\/v2\/posts\/41063\/revisions\/41072"}],"wp:featuredmedia":[{"embeddable":true,"href":"https:\/\/www.obispado-mdp.org.ar\/a\/wp-json\/wp\/v2\/media\/41071"}],"wp:attachment":[{"href":"https:\/\/www.obispado-mdp.org.ar\/a\/wp-json\/wp\/v2\/media?parent=41063"}],"wp:term":[{"taxonomy":"category","embeddable":true,"href":"https:\/\/www.obispado-mdp.org.ar\/a\/wp-json\/wp\/v2\/categories?post=41063"},{"taxonomy":"post_tag","embeddable":true,"href":"https:\/\/www.obispado-mdp.org.ar\/a\/wp-json\/wp\/v2\/tags?post=41063"}],"curies":[{"name":"wp","href":"https:\/\/api.w.org\/{rel}","templated":true}]}}