{"id":41076,"date":"2023-10-03T18:30:00","date_gmt":"2023-10-03T21:30:00","guid":{"rendered":"https:\/\/www.obispado-mdp.org.ar\/a\/?p=41076"},"modified":"2023-08-03T17:33:58","modified_gmt":"2023-08-03T20:33:58","slug":"evangelio-segun-san-lucas-957-62-2","status":"publish","type":"post","link":"https:\/\/www.obispado-mdp.org.ar\/a\/evangelio-segun-san-lucas-957-62-2\/","title":{"rendered":"Evangelio seg\u00fan San\u00a0Lucas\u00a09,57-62."},"content":{"rendered":"\n<p>Mientras Jes\u00fas y sus disc\u00edpulos iban caminando, alguien le dijo a Jes\u00fas: \u00ab\u00a1Te seguir\u00e9 adonde vayas!\u00bb.<br>Jes\u00fas le respondi\u00f3: \u00abLos zorros tienen sus cuevas y las aves del cielo sus nidos, pero el Hijo del hombre no tiene d\u00f3nde reclinar la cabeza\u00bb.<br>Y dijo a otro: \u00abS\u00edgueme\u00bb. El respondi\u00f3: \u00abPerm\u00edteme que vaya primero a enterrar a mi padre\u00bb.<br>Pero Jes\u00fas le respondi\u00f3: \u00abDeja que los muertos entierren a sus muertos; t\u00fa ve a anunciar el Reino de Dios\u00bb.<br>Otro le dijo: \u00abTe seguir\u00e9, Se\u00f1or, pero perm\u00edteme antes despedirme de los m\u00edos\u00bb.<br>Jes\u00fas le respondi\u00f3: \u00abEl que ha puesto la mano en el arado y mira hacia atr\u00e1s, no sirve para el Reino de Dios\u00bb.<\/p>\n\n\n\n<p class=\"has-text-align-right\"><em>Extra\u00eddo de la Biblia: Libro del Pueblo de Dios. <\/em><\/p>\n","protected":false},"excerpt":{"rendered":"<p>Mientras Jes\u00fas y sus disc\u00edpulos iban caminando, alguien le dijo a Jes\u00fas: \u00ab\u00a1Te seguir\u00e9 adonde vayas!\u00bb.Jes\u00fas le respondi\u00f3: \u00abLos zorros tienen sus cuevas y las aves del cielo sus nidos, pero el Hijo del hombre no tiene d\u00f3nde reclinar la cabeza\u00bb.Y dijo a otro: \u00abS\u00edgueme\u00bb. El respondi\u00f3: \u00abPerm\u00edteme que vaya primero a enterrar a mi [&hellip;]<\/p>\n","protected":false},"author":3,"featured_media":31453,"comment_status":"open","ping_status":"closed","sticky":false,"template":"","format":"standard","meta":{"_et_pb_use_builder":"off","_et_pb_old_content":"<!-- wp:paragraph -->\n<p> Al atardecer de ese mismo d\u00eda, el primero de la semana, estando cerradas las puertas del lugar donde se encontraban los disc\u00edpulos, por temor a los jud\u00edos, lleg\u00f3 Jes\u00fas y poni\u00e9ndose en medio de ellos, les dijo: \"\u00a1La paz est\u00e9 con ustedes!\".<br>Mientras dec\u00eda esto, les mostr\u00f3 sus manos y su costado. Los disc\u00edpulos se llenaron de alegr\u00eda cuando vieron al Se\u00f1or.<br>Jes\u00fas les dijo de nuevo: \"\u00a1La paz est\u00e9 con ustedes! Como el Padre me envi\u00f3 a m\u00ed, yo tambi\u00e9n los env\u00edo a ustedes\".<br>Al decirles esto, sopl\u00f3 sobre ellos y a\u00f1adi\u00f3: \"Reciban el Esp\u00edritu Santo.<br>Los pecados ser\u00e1n perdonados a los que ustedes se los perdonen, y ser\u00e1n retenidos a los que ustedes se los retengan\". <\/p>\n<!-- \/wp:paragraph -->\n\n<!-- wp:paragraph {\"align\":\"right\"} -->\n<p class=\"has-text-align-right\"><em>Extra\u00eddo de la Biblia: Libro del Pueblo de Dios. <\/em><\/p>\n<!-- \/wp:paragraph -->","_et_gb_content_width":""},"categories":[6],"tags":[],"aioseo_notices":[],"_links":{"self":[{"href":"https:\/\/www.obispado-mdp.org.ar\/a\/wp-json\/wp\/v2\/posts\/41076"}],"collection":[{"href":"https:\/\/www.obispado-mdp.org.ar\/a\/wp-json\/wp\/v2\/posts"}],"about":[{"href":"https:\/\/www.obispado-mdp.org.ar\/a\/wp-json\/wp\/v2\/types\/post"}],"author":[{"embeddable":true,"href":"https:\/\/www.obispado-mdp.org.ar\/a\/wp-json\/wp\/v2\/users\/3"}],"replies":[{"embeddable":true,"href":"https:\/\/www.obispado-mdp.org.ar\/a\/wp-json\/wp\/v2\/comments?post=41076"}],"version-history":[{"count":1,"href":"https:\/\/www.obispado-mdp.org.ar\/a\/wp-json\/wp\/v2\/posts\/41076\/revisions"}],"predecessor-version":[{"id":41077,"href":"https:\/\/www.obispado-mdp.org.ar\/a\/wp-json\/wp\/v2\/posts\/41076\/revisions\/41077"}],"wp:featuredmedia":[{"embeddable":true,"href":"https:\/\/www.obispado-mdp.org.ar\/a\/wp-json\/wp\/v2\/media\/31453"}],"wp:attachment":[{"href":"https:\/\/www.obispado-mdp.org.ar\/a\/wp-json\/wp\/v2\/media?parent=41076"}],"wp:term":[{"taxonomy":"category","embeddable":true,"href":"https:\/\/www.obispado-mdp.org.ar\/a\/wp-json\/wp\/v2\/categories?post=41076"},{"taxonomy":"post_tag","embeddable":true,"href":"https:\/\/www.obispado-mdp.org.ar\/a\/wp-json\/wp\/v2\/tags?post=41076"}],"curies":[{"name":"wp","href":"https:\/\/api.w.org\/{rel}","templated":true}]}}