{"id":41080,"date":"2023-10-05T18:30:00","date_gmt":"2023-10-05T21:30:00","guid":{"rendered":"https:\/\/www.obispado-mdp.org.ar\/a\/?p=41080"},"modified":"2023-08-03T17:36:08","modified_gmt":"2023-08-03T20:36:08","slug":"evangelio-segun-san-lucas-1013-16-3","status":"publish","type":"post","link":"https:\/\/www.obispado-mdp.org.ar\/a\/evangelio-segun-san-lucas-1013-16-3\/","title":{"rendered":"Evangelio seg\u00fan San\u00a0Lucas\u00a010,13-16."},"content":{"rendered":"\n<p>\u00a1Ay de ti, Coroza\u00edn! \u00a1Ay de ti, Betsaida! Porque si en Tiro y en Sid\u00f3n se hubieran hecho los milagros realizados entre ustedes, hace tiempo que se habr\u00edan convertido, poni\u00e9ndose cilicio y sent\u00e1ndose sobre ceniza.<br>Por eso Tiro y Sid\u00f3n, en el d\u00eda del Juicio, ser\u00e1n tratadas menos rigurosamente que ustedes.<br>Y t\u00fa, Cafarna\u00fan, \u00bfacaso crees que ser\u00e1s elevada hasta el cielo? No, ser\u00e1s precipitada hasta el infierno.<br>El que los escucha a ustedes, me escucha a m\u00ed; el que los rechaza a ustedes, me rechaza a m\u00ed; y el que me rechaza, rechaza a aquel que me envi\u00f3\u00bb.<\/p>\n\n\n\n<p class=\"has-text-align-right\"><em>Extra\u00eddo de la Biblia: Libro del Pueblo de Dios. <\/em><\/p>\n","protected":false},"excerpt":{"rendered":"<p>\u00a1Ay de ti, Coroza\u00edn! \u00a1Ay de ti, Betsaida! Porque si en Tiro y en Sid\u00f3n se hubieran hecho los milagros realizados entre ustedes, hace tiempo que se habr\u00edan convertido, poni\u00e9ndose cilicio y sent\u00e1ndose sobre ceniza.Por eso Tiro y Sid\u00f3n, en el d\u00eda del Juicio, ser\u00e1n tratadas menos rigurosamente que ustedes.Y t\u00fa, Cafarna\u00fan, \u00bfacaso crees que [&hellip;]<\/p>\n","protected":false},"author":3,"featured_media":31455,"comment_status":"open","ping_status":"closed","sticky":false,"template":"","format":"standard","meta":{"_et_pb_use_builder":"off","_et_pb_old_content":"<!-- wp:paragraph -->\n<p> Al atardecer de ese mismo d\u00eda, el primero de la semana, estando cerradas las puertas del lugar donde se encontraban los disc\u00edpulos, por temor a los jud\u00edos, lleg\u00f3 Jes\u00fas y poni\u00e9ndose en medio de ellos, les dijo: \"\u00a1La paz est\u00e9 con ustedes!\".<br>Mientras dec\u00eda esto, les mostr\u00f3 sus manos y su costado. Los disc\u00edpulos se llenaron de alegr\u00eda cuando vieron al Se\u00f1or.<br>Jes\u00fas les dijo de nuevo: \"\u00a1La paz est\u00e9 con ustedes! Como el Padre me envi\u00f3 a m\u00ed, yo tambi\u00e9n los env\u00edo a ustedes\".<br>Al decirles esto, sopl\u00f3 sobre ellos y a\u00f1adi\u00f3: \"Reciban el Esp\u00edritu Santo.<br>Los pecados ser\u00e1n perdonados a los que ustedes se los perdonen, y ser\u00e1n retenidos a los que ustedes se los retengan\". <\/p>\n<!-- \/wp:paragraph -->\n\n<!-- wp:paragraph {\"align\":\"right\"} -->\n<p class=\"has-text-align-right\"><em>Extra\u00eddo de la Biblia: Libro del Pueblo de Dios. <\/em><\/p>\n<!-- \/wp:paragraph -->","_et_gb_content_width":""},"categories":[6],"tags":[],"aioseo_notices":[],"_links":{"self":[{"href":"https:\/\/www.obispado-mdp.org.ar\/a\/wp-json\/wp\/v2\/posts\/41080"}],"collection":[{"href":"https:\/\/www.obispado-mdp.org.ar\/a\/wp-json\/wp\/v2\/posts"}],"about":[{"href":"https:\/\/www.obispado-mdp.org.ar\/a\/wp-json\/wp\/v2\/types\/post"}],"author":[{"embeddable":true,"href":"https:\/\/www.obispado-mdp.org.ar\/a\/wp-json\/wp\/v2\/users\/3"}],"replies":[{"embeddable":true,"href":"https:\/\/www.obispado-mdp.org.ar\/a\/wp-json\/wp\/v2\/comments?post=41080"}],"version-history":[{"count":1,"href":"https:\/\/www.obispado-mdp.org.ar\/a\/wp-json\/wp\/v2\/posts\/41080\/revisions"}],"predecessor-version":[{"id":41081,"href":"https:\/\/www.obispado-mdp.org.ar\/a\/wp-json\/wp\/v2\/posts\/41080\/revisions\/41081"}],"wp:featuredmedia":[{"embeddable":true,"href":"https:\/\/www.obispado-mdp.org.ar\/a\/wp-json\/wp\/v2\/media\/31455"}],"wp:attachment":[{"href":"https:\/\/www.obispado-mdp.org.ar\/a\/wp-json\/wp\/v2\/media?parent=41080"}],"wp:term":[{"taxonomy":"category","embeddable":true,"href":"https:\/\/www.obispado-mdp.org.ar\/a\/wp-json\/wp\/v2\/categories?post=41080"},{"taxonomy":"post_tag","embeddable":true,"href":"https:\/\/www.obispado-mdp.org.ar\/a\/wp-json\/wp\/v2\/tags?post=41080"}],"curies":[{"name":"wp","href":"https:\/\/api.w.org\/{rel}","templated":true}]}}