{"id":41086,"date":"2023-10-08T18:30:00","date_gmt":"2023-10-08T21:30:00","guid":{"rendered":"https:\/\/www.obispado-mdp.org.ar\/a\/?p=41086"},"modified":"2023-08-03T17:38:51","modified_gmt":"2023-08-03T20:38:51","slug":"evangelio-segun-san-lucas-1025-37-4","status":"publish","type":"post","link":"https:\/\/www.obispado-mdp.org.ar\/a\/evangelio-segun-san-lucas-1025-37-4\/","title":{"rendered":"Evangelio seg\u00fan San\u00a0Lucas\u00a010,25-37."},"content":{"rendered":"\n<p>Un doctor de la Ley se levant\u00f3 y le pregunt\u00f3 para ponerlo a prueba: \u00abMaestro, \u00bfqu\u00e9 tengo que hacer para heredar la Vida eterna?\u00bb.<br>Jes\u00fas le pregunt\u00f3 a su vez: \u00ab\u00bfQu\u00e9 est\u00e1 escrito en la Ley? \u00bfQu\u00e9 lees en ella?\u00bb.<br>El le respondi\u00f3: \u00abAmar\u00e1s al Se\u00f1or, tu Dios, con todo tu coraz\u00f3n, con toda tu alma, con todas tus fuerzas y con todo tu esp\u00edritu, y a tu pr\u00f3jimo como a ti mismo\u00bb.<br>\u00abHas respondido exactamente, le dijo Jes\u00fas; obra as\u00ed y alcanzar\u00e1s la vida\u00bb.<br>Pero el doctor de la Ley, para justificar su intervenci\u00f3n, le hizo esta pregunta: \u00ab\u00bfY qui\u00e9n es mi pr\u00f3jimo?\u00bb.<br>Jes\u00fas volvi\u00f3 a tomar la palabra y le respondi\u00f3: \u00abUn hombre bajaba de Jerusal\u00e9n a Jeric\u00f3 y cay\u00f3 en manos de unos ladrones, que lo despojaron de todo, lo hirieron y se fueron, dej\u00e1ndolo medio muerto.<br>Casualmente bajaba por el mismo camino un sacerdote: lo vio y sigui\u00f3 de largo.<br>Tambi\u00e9n pas\u00f3 por all\u00ed un levita: lo vio y sigui\u00f3 su camino.<br>Pero un samaritano que viajaba por all\u00ed, al pasar junto a \u00e9l, lo vio y se conmovi\u00f3.<br>Entonces se acerc\u00f3 y vend\u00f3 sus heridas, cubri\u00e9ndolas con aceite y vino; despu\u00e9s lo puso sobre su propia montura, lo condujo a un albergue y se encarg\u00f3 de cuidarlo.<br>Al d\u00eda siguiente, sac\u00f3 dos denarios y se los dio al due\u00f1o del albergue, dici\u00e9ndole: &#8216;Cu\u00eddalo, y lo que gastes de m\u00e1s, te lo pagar\u00e9 al volver&#8217;.<br>\u00bfCu\u00e1l de los tres te parece que se port\u00f3 como pr\u00f3jimo del hombre asaltado por los ladrones?\u00bb.<br>\u00abEl que tuvo compasi\u00f3n de \u00e9l\u00bb, le respondi\u00f3 el doctor. Y Jes\u00fas le dijo: \u00abVe, y procede t\u00fa de la misma manera\u00bb.<\/p>\n\n\n\n<p class=\"has-text-align-right\"><em>Extra\u00eddo de la Biblia: Libro del Pueblo de Dios. <\/em><\/p>\n","protected":false},"excerpt":{"rendered":"<p>Un doctor de la Ley se levant\u00f3 y le pregunt\u00f3 para ponerlo a prueba: \u00abMaestro, \u00bfqu\u00e9 tengo que hacer para heredar la Vida eterna?\u00bb.Jes\u00fas le pregunt\u00f3 a su vez: \u00ab\u00bfQu\u00e9 est\u00e1 escrito en la Ley? \u00bfQu\u00e9 lees en ella?\u00bb.El le respondi\u00f3: \u00abAmar\u00e1s al Se\u00f1or, tu Dios, con todo tu coraz\u00f3n, con toda tu alma, con [&hellip;]<\/p>\n","protected":false},"author":3,"featured_media":31451,"comment_status":"open","ping_status":"closed","sticky":false,"template":"","format":"standard","meta":{"_et_pb_use_builder":"off","_et_pb_old_content":"<!-- wp:paragraph -->\n<p> Al atardecer de ese mismo d\u00eda, el primero de la semana, estando cerradas las puertas del lugar donde se encontraban los disc\u00edpulos, por temor a los jud\u00edos, lleg\u00f3 Jes\u00fas y poni\u00e9ndose en medio de ellos, les dijo: \"\u00a1La paz est\u00e9 con ustedes!\".<br>Mientras dec\u00eda esto, les mostr\u00f3 sus manos y su costado. Los disc\u00edpulos se llenaron de alegr\u00eda cuando vieron al Se\u00f1or.<br>Jes\u00fas les dijo de nuevo: \"\u00a1La paz est\u00e9 con ustedes! Como el Padre me envi\u00f3 a m\u00ed, yo tambi\u00e9n los env\u00edo a ustedes\".<br>Al decirles esto, sopl\u00f3 sobre ellos y a\u00f1adi\u00f3: \"Reciban el Esp\u00edritu Santo.<br>Los pecados ser\u00e1n perdonados a los que ustedes se los perdonen, y ser\u00e1n retenidos a los que ustedes se los retengan\". <\/p>\n<!-- \/wp:paragraph -->\n\n<!-- wp:paragraph {\"align\":\"right\"} -->\n<p class=\"has-text-align-right\"><em>Extra\u00eddo de la Biblia: Libro del Pueblo de Dios. <\/em><\/p>\n<!-- \/wp:paragraph -->","_et_gb_content_width":""},"categories":[6],"tags":[],"aioseo_notices":[],"_links":{"self":[{"href":"https:\/\/www.obispado-mdp.org.ar\/a\/wp-json\/wp\/v2\/posts\/41086"}],"collection":[{"href":"https:\/\/www.obispado-mdp.org.ar\/a\/wp-json\/wp\/v2\/posts"}],"about":[{"href":"https:\/\/www.obispado-mdp.org.ar\/a\/wp-json\/wp\/v2\/types\/post"}],"author":[{"embeddable":true,"href":"https:\/\/www.obispado-mdp.org.ar\/a\/wp-json\/wp\/v2\/users\/3"}],"replies":[{"embeddable":true,"href":"https:\/\/www.obispado-mdp.org.ar\/a\/wp-json\/wp\/v2\/comments?post=41086"}],"version-history":[{"count":1,"href":"https:\/\/www.obispado-mdp.org.ar\/a\/wp-json\/wp\/v2\/posts\/41086\/revisions"}],"predecessor-version":[{"id":41087,"href":"https:\/\/www.obispado-mdp.org.ar\/a\/wp-json\/wp\/v2\/posts\/41086\/revisions\/41087"}],"wp:featuredmedia":[{"embeddable":true,"href":"https:\/\/www.obispado-mdp.org.ar\/a\/wp-json\/wp\/v2\/media\/31451"}],"wp:attachment":[{"href":"https:\/\/www.obispado-mdp.org.ar\/a\/wp-json\/wp\/v2\/media?parent=41086"}],"wp:term":[{"taxonomy":"category","embeddable":true,"href":"https:\/\/www.obispado-mdp.org.ar\/a\/wp-json\/wp\/v2\/categories?post=41086"},{"taxonomy":"post_tag","embeddable":true,"href":"https:\/\/www.obispado-mdp.org.ar\/a\/wp-json\/wp\/v2\/tags?post=41086"}],"curies":[{"name":"wp","href":"https:\/\/api.w.org\/{rel}","templated":true}]}}