{"id":41092,"date":"2023-10-11T18:30:00","date_gmt":"2023-10-11T21:30:00","guid":{"rendered":"https:\/\/www.obispado-mdp.org.ar\/a\/?p=41092"},"modified":"2023-08-03T17:41:47","modified_gmt":"2023-08-03T20:41:47","slug":"evangelio-segun-san-lucas-115-13-3","status":"publish","type":"post","link":"https:\/\/www.obispado-mdp.org.ar\/a\/evangelio-segun-san-lucas-115-13-3\/","title":{"rendered":"Evangelio seg\u00fan San\u00a0Lucas\u00a011,5-13."},"content":{"rendered":"\n<p>Jes\u00fas dijo a sus disc\u00edpulos:<br>\u00abSupongamos que alguno de ustedes tiene un amigo y recurre a \u00e9l a medianoche, para decirle: &#8216;Amigo, pr\u00e9stame tres panes,<br>porque uno de mis amigos lleg\u00f3 de viaje y no tengo nada que ofrecerle&#8217;,<br>y desde adentro \u00e9l le responde: &#8216;No me fastidies; ahora la puerta est\u00e1 cerrada, y mis hijos y yo estamos acostados. No puedo levantarme para d\u00e1rtelos&#8217;.<br>Yo les aseguro que aunque \u00e9l no se levante para d\u00e1rselos por ser su amigo, se levantar\u00e1 al menos a causa de su insistencia y le dar\u00e1 todo lo necesario.<br>Tambi\u00e9n les aseguro: pidan y se les dar\u00e1, busquen y encontrar\u00e1n, llamen y se les abrir\u00e1.<br>Porque el que pide, recibe; el que busca, encuentra; y al que llama, se le abre.<br>\u00bfHay entre ustedes alg\u00fan padre que da a su hijo una piedra cuando le pide pan? \u00bfY si le pide un pescado, le dar\u00e1 en su lugar una serpiente?<br>\u00bfY si le pide un huevo, le dar\u00e1 un escorpi\u00f3n?<br>Si ustedes, que son malos, saben dar cosas buenas a sus hijos, \u00a1cu\u00e1nto m\u00e1s el Padre del cielo dar\u00e1 el Esp\u00edritu Santo a aquellos que se lo pidan!\u00bb.<\/p>\n\n\n\n<p class=\"has-text-align-right\"><em>Extra\u00eddo de la Biblia: Libro del Pueblo de Dios. <\/em><\/p>\n","protected":false},"excerpt":{"rendered":"<p>Jes\u00fas dijo a sus disc\u00edpulos:\u00abSupongamos que alguno de ustedes tiene un amigo y recurre a \u00e9l a medianoche, para decirle: &#8216;Amigo, pr\u00e9stame tres panes,porque uno de mis amigos lleg\u00f3 de viaje y no tengo nada que ofrecerle&#8217;,y desde adentro \u00e9l le responde: &#8216;No me fastidies; ahora la puerta est\u00e1 cerrada, y mis hijos y yo [&hellip;]<\/p>\n","protected":false},"author":3,"featured_media":31450,"comment_status":"open","ping_status":"closed","sticky":false,"template":"","format":"standard","meta":{"_et_pb_use_builder":"off","_et_pb_old_content":"<!-- wp:paragraph -->\n<p> Al atardecer de ese mismo d\u00eda, el primero de la semana, estando cerradas las puertas del lugar donde se encontraban los disc\u00edpulos, por temor a los jud\u00edos, lleg\u00f3 Jes\u00fas y poni\u00e9ndose en medio de ellos, les dijo: \"\u00a1La paz est\u00e9 con ustedes!\".<br>Mientras dec\u00eda esto, les mostr\u00f3 sus manos y su costado. Los disc\u00edpulos se llenaron de alegr\u00eda cuando vieron al Se\u00f1or.<br>Jes\u00fas les dijo de nuevo: \"\u00a1La paz est\u00e9 con ustedes! Como el Padre me envi\u00f3 a m\u00ed, yo tambi\u00e9n los env\u00edo a ustedes\".<br>Al decirles esto, sopl\u00f3 sobre ellos y a\u00f1adi\u00f3: \"Reciban el Esp\u00edritu Santo.<br>Los pecados ser\u00e1n perdonados a los que ustedes se los perdonen, y ser\u00e1n retenidos a los que ustedes se los retengan\". <\/p>\n<!-- \/wp:paragraph -->\n\n<!-- wp:paragraph {\"align\":\"right\"} -->\n<p class=\"has-text-align-right\"><em>Extra\u00eddo de la Biblia: Libro del Pueblo de Dios. <\/em><\/p>\n<!-- \/wp:paragraph -->","_et_gb_content_width":""},"categories":[6],"tags":[],"aioseo_notices":[],"_links":{"self":[{"href":"https:\/\/www.obispado-mdp.org.ar\/a\/wp-json\/wp\/v2\/posts\/41092"}],"collection":[{"href":"https:\/\/www.obispado-mdp.org.ar\/a\/wp-json\/wp\/v2\/posts"}],"about":[{"href":"https:\/\/www.obispado-mdp.org.ar\/a\/wp-json\/wp\/v2\/types\/post"}],"author":[{"embeddable":true,"href":"https:\/\/www.obispado-mdp.org.ar\/a\/wp-json\/wp\/v2\/users\/3"}],"replies":[{"embeddable":true,"href":"https:\/\/www.obispado-mdp.org.ar\/a\/wp-json\/wp\/v2\/comments?post=41092"}],"version-history":[{"count":1,"href":"https:\/\/www.obispado-mdp.org.ar\/a\/wp-json\/wp\/v2\/posts\/41092\/revisions"}],"predecessor-version":[{"id":41093,"href":"https:\/\/www.obispado-mdp.org.ar\/a\/wp-json\/wp\/v2\/posts\/41092\/revisions\/41093"}],"wp:featuredmedia":[{"embeddable":true,"href":"https:\/\/www.obispado-mdp.org.ar\/a\/wp-json\/wp\/v2\/media\/31450"}],"wp:attachment":[{"href":"https:\/\/www.obispado-mdp.org.ar\/a\/wp-json\/wp\/v2\/media?parent=41092"}],"wp:term":[{"taxonomy":"category","embeddable":true,"href":"https:\/\/www.obispado-mdp.org.ar\/a\/wp-json\/wp\/v2\/categories?post=41092"},{"taxonomy":"post_tag","embeddable":true,"href":"https:\/\/www.obispado-mdp.org.ar\/a\/wp-json\/wp\/v2\/tags?post=41092"}],"curies":[{"name":"wp","href":"https:\/\/api.w.org\/{rel}","templated":true}]}}