{"id":41106,"date":"2023-08-05T16:53:16","date_gmt":"2023-08-05T19:53:16","guid":{"rendered":"https:\/\/www.obispado-mdp.org.ar\/a\/?p=41106"},"modified":"2023-08-05T16:55:32","modified_gmt":"2023-08-05T19:55:32","slug":"mestre-bendijo-dos-barcos-producidos-por-marplatenses","status":"publish","type":"post","link":"https:\/\/www.obispado-mdp.org.ar\/a\/mestre-bendijo-dos-barcos-producidos-por-marplatenses\/","title":{"rendered":"MESTRE BENDIJO TRES BARCOS PRODUCIDOS POR MARPLATENSES."},"content":{"rendered":"\n<p class=\"has-pale-cyan-blue-background-color has-background\"><strong>Entre el viernes y este s\u00e1bado Mons Mestre bendijo tres barcos botados al mar como orgullo de la industria naval local de los astilleros Solimeno y Contessi<\/strong><\/p>\n\n\n\n<p>A poco de su despedida para asumir como Arzobispo de La Plata, el padre Gabriel \u00abpuso en manos Dios el esfuerzo y el talento de la industria naval local, al tiempo que tambi\u00e9n bendijo el esfuerzo de los hombres de mar que trabajan en estos barcos\u00bb.<\/p>\n\n\n\n<p>ASTILLERO SOLIMENO<br>El viernes Mestre encabez\u00f3 una ceremonia de bendici\u00f3n de las embarcaciones \u201cLuigi\u201d y \u201cAnita\u201d y destac\u00f3 \u201cel gran servicio\u201d de \u201cdos grandes empresas que ya son familia\u201d como SPI Astilleros y Solimeno Hermanos.<\/p>\n\n\n\n<p>Mestre, acompa\u00f1ado por el cura p\u00e1rroco de la iglesia Sagrada Familia, Miguel Cacciuto, hizo entrega de dos im\u00e1genes de Jes\u00fas que ir\u00e1n dentro de las embarcaciones y \u201cguiar\u00e1n a la tripulaci\u00f3n para que tengan \u201cbuena pesca y buenos vientos\u201d.<\/p>\n\n\n\n<p>\u201cMe genera mucha alegr\u00eda y emoci\u00f3n, pero no solo por el sentimiento marplatense y las sensaciones encontradas de saber que pronto dejar\u00e9 Mar del Plata para asumir como arzobispo de La Plata, sino por el trabajo y la producci\u00f3n que estos barcos implican y que hoy estamos celebrando\u201d, le coment\u00f3 a los medios presentes.<\/p>\n\n\n\n<p>ASTILLERO CONTESSI<br>Este s\u00e1bado Mestre bendijo el buque pesquero \u00abNuevo Anave\u00bb que fue puesto en el mar con gran algarab\u00eda. Es el primer buque que se bota tras el fallecimiento del fundador del astillero, Federico Contessi.<\/p>\n\n\n\n<p>En la oportunidad la familia Contessi entrego de recuerdo a Mons. Mestre por su servicio a la Di\u00f3cesis y su ciudad un reloj de los que se instalan en los barcos que ellos mismos industrializan.<\/p>\n\n\n\n<p>Fotos Astilleros Solimeno<\/p>\n\n\n\n<figure class=\"wp-container-2 wp-block-gallery-1 wp-block-gallery has-nested-images columns-default is-cropped\">\n<figure class=\"wp-block-image size-large\"><img loading=\"lazy\" width=\"1024\" height=\"683\" data-id=\"41110\"  src=\"https:\/\/www.obispado-mdp.org.ar\/a\/wp-content\/uploads\/2023\/08\/20230804_174453-1024x683.jpg\" alt=\"\" class=\"wp-image-41110\"\/><\/figure>\n\n\n\n<figure class=\"wp-block-image size-large\"><img loading=\"lazy\" width=\"1024\" height=\"683\" data-id=\"41108\"  src=\"https:\/\/www.obispado-mdp.org.ar\/a\/wp-content\/uploads\/2023\/08\/SPI-BARCOS-052-1024x683-1.jpg\" alt=\"\" class=\"wp-image-41108\"\/><\/figure>\n\n\n\n<figure class=\"wp-block-image size-large\"><img loading=\"lazy\" width=\"1024\" height=\"683\" data-id=\"41109\"  src=\"https:\/\/www.obispado-mdp.org.ar\/a\/wp-content\/uploads\/2023\/08\/SPI-BARCOS-020-1024x683-1.jpg\" alt=\"\" class=\"wp-image-41109\"\/><\/figure>\n\n\n\n<figure class=\"wp-block-image size-large\"><img loading=\"lazy\" width=\"1024\" height=\"683\" data-id=\"41107\"  src=\"https:\/\/www.obispado-mdp.org.ar\/a\/wp-content\/uploads\/2023\/08\/SPI-BARCOS-092-1024x683-1.webp\" alt=\"\" class=\"wp-image-41107\"\/><\/figure>\n<\/figure>\n\n\n\n<p>Fotos Astilleros Contessi<\/p>\n\n\n\n<figure class=\"wp-container-4 wp-block-gallery-3 wp-block-gallery has-nested-images columns-default is-cropped\">\n<figure class=\"wp-block-image size-large\"><img loading=\"lazy\" width=\"1024\" height=\"768\" data-id=\"41111\"  src=\"https:\/\/www.obispado-mdp.org.ar\/a\/wp-content\/uploads\/2023\/08\/IMG-20230805-WA0008-1024x768.jpg\" alt=\"\" class=\"wp-image-41111\"\/><\/figure>\n\n\n\n<figure class=\"wp-block-image size-large\"><img loading=\"lazy\" width=\"1024\" height=\"768\" data-id=\"41114\"  src=\"https:\/\/www.obispado-mdp.org.ar\/a\/wp-content\/uploads\/2023\/08\/IMG-20230805-WA0007-1024x768.jpg\" alt=\"\" class=\"wp-image-41114\"\/><\/figure>\n\n\n\n<figure class=\"wp-block-image size-large\"><img loading=\"lazy\" width=\"1024\" height=\"768\" data-id=\"41113\"  src=\"https:\/\/www.obispado-mdp.org.ar\/a\/wp-content\/uploads\/2023\/08\/IMG-20230805-WA0003-1024x768.jpg\" alt=\"\" class=\"wp-image-41113\"\/><\/figure>\n\n\n\n<figure class=\"wp-block-image size-large\"><img loading=\"lazy\" width=\"1024\" height=\"768\" data-id=\"41112\"  src=\"https:\/\/www.obispado-mdp.org.ar\/a\/wp-content\/uploads\/2023\/08\/IMG-20230805-WA0002-1024x768.jpg\" alt=\"\" class=\"wp-image-41112\"\/><\/figure>\n<\/figure>\n","protected":false},"excerpt":{"rendered":"<p>Entre el viernes y este s\u00e1bado Mons Mestre bendijo tres barcos botados al mar como orgullo de la industria naval local de los astilleros Solimeno y Contessi A poco de su despedida para asumir como Arzobispo de La Plata, el padre Gabriel \u00abpuso en manos Dios el esfuerzo y el talento de la industria naval [&hellip;]<\/p>\n","protected":false},"author":4,"featured_media":41107,"comment_status":"open","ping_status":"open","sticky":false,"template":"","format":"standard","meta":{"_et_pb_use_builder":"","_et_pb_old_content":"","_et_gb_content_width":""},"categories":[4,9],"tags":[],"aioseo_notices":[],"_links":{"self":[{"href":"https:\/\/www.obispado-mdp.org.ar\/a\/wp-json\/wp\/v2\/posts\/41106"}],"collection":[{"href":"https:\/\/www.obispado-mdp.org.ar\/a\/wp-json\/wp\/v2\/posts"}],"about":[{"href":"https:\/\/www.obispado-mdp.org.ar\/a\/wp-json\/wp\/v2\/types\/post"}],"author":[{"embeddable":true,"href":"https:\/\/www.obispado-mdp.org.ar\/a\/wp-json\/wp\/v2\/users\/4"}],"replies":[{"embeddable":true,"href":"https:\/\/www.obispado-mdp.org.ar\/a\/wp-json\/wp\/v2\/comments?post=41106"}],"version-history":[{"count":2,"href":"https:\/\/www.obispado-mdp.org.ar\/a\/wp-json\/wp\/v2\/posts\/41106\/revisions"}],"predecessor-version":[{"id":41116,"href":"https:\/\/www.obispado-mdp.org.ar\/a\/wp-json\/wp\/v2\/posts\/41106\/revisions\/41116"}],"wp:featuredmedia":[{"embeddable":true,"href":"https:\/\/www.obispado-mdp.org.ar\/a\/wp-json\/wp\/v2\/media\/41107"}],"wp:attachment":[{"href":"https:\/\/www.obispado-mdp.org.ar\/a\/wp-json\/wp\/v2\/media?parent=41106"}],"wp:term":[{"taxonomy":"category","embeddable":true,"href":"https:\/\/www.obispado-mdp.org.ar\/a\/wp-json\/wp\/v2\/categories?post=41106"},{"taxonomy":"post_tag","embeddable":true,"href":"https:\/\/www.obispado-mdp.org.ar\/a\/wp-json\/wp\/v2\/tags?post=41106"}],"curies":[{"name":"wp","href":"https:\/\/api.w.org\/{rel}","templated":true}]}}