{"id":41123,"date":"2023-10-18T18:30:00","date_gmt":"2023-10-18T21:30:00","guid":{"rendered":"https:\/\/www.obispado-mdp.org.ar\/a\/?p=41123"},"modified":"2023-08-06T18:16:12","modified_gmt":"2023-08-06T21:16:12","slug":"evangelio-segun-san-lucas-1147-54-3","status":"publish","type":"post","link":"https:\/\/www.obispado-mdp.org.ar\/a\/evangelio-segun-san-lucas-1147-54-3\/","title":{"rendered":"Evangelio seg\u00fan San\u00a0Lucas\u00a011,47-54."},"content":{"rendered":"\n<p>Dijo el Se\u00f1or:<br>\u00ab\u00a1Ay de ustedes, que construyen los sepulcros de los profetas, a quienes sus mismos padres han matado!<br>As\u00ed se convierten en testigos y aprueban los actos de sus padres: ellos los mataron y ustedes les construyen sepulcros.<br>Por eso la Sabidur\u00eda de Dios ha dicho: Yo les enviar\u00e9 profetas y ap\u00f3stoles: matar\u00e1n y perseguir\u00e1n a muchos de ellos.<br>As\u00ed se pedir\u00e1 cuenta a esta generaci\u00f3n de la sangre de todos los profetas, que ha sido derramada desde la creaci\u00f3n del mundo:<br>desde la sangre de Abel hasta la sangre de Zacar\u00edas, que fue asesinado entre el altar y el santuario. S\u00ed, les aseguro que a esta generaci\u00f3n se le pedir\u00e1 cuenta de todo esto.<br>\u00a1Ay de ustedes, doctores de la Ley, porque se han apoderado de la llave de la ciencia! No han entrado ustedes, y a los que quieren entrar, se lo impiden.\u00bb<br>Cuando Jes\u00fas sali\u00f3 de all\u00ed, los escribas y los fariseos comenzaron a acosarlo, exigi\u00e9ndole respuesta sobre muchas cosas<br>y tendi\u00e9ndole trampas para sorprenderlo en alguna afirmaci\u00f3n.<\/p>\n\n\n\n<p class=\"has-text-align-right\"><em>Extra\u00eddo de la Biblia: Libro del Pueblo de Dios. <\/em><\/p>\n","protected":false},"excerpt":{"rendered":"<p>Dijo el Se\u00f1or:\u00ab\u00a1Ay de ustedes, que construyen los sepulcros de los profetas, a quienes sus mismos padres han matado!As\u00ed se convierten en testigos y aprueban los actos de sus padres: ellos los mataron y ustedes les construyen sepulcros.Por eso la Sabidur\u00eda de Dios ha dicho: Yo les enviar\u00e9 profetas y ap\u00f3stoles: matar\u00e1n y perseguir\u00e1n a [&hellip;]<\/p>\n","protected":false},"author":3,"featured_media":31450,"comment_status":"open","ping_status":"closed","sticky":false,"template":"","format":"standard","meta":{"_et_pb_use_builder":"off","_et_pb_old_content":"<!-- wp:paragraph -->\n<p> Al atardecer de ese mismo d\u00eda, el primero de la semana, estando cerradas las puertas del lugar donde se encontraban los disc\u00edpulos, por temor a los jud\u00edos, lleg\u00f3 Jes\u00fas y poni\u00e9ndose en medio de ellos, les dijo: \"\u00a1La paz est\u00e9 con ustedes!\".<br>Mientras dec\u00eda esto, les mostr\u00f3 sus manos y su costado. Los disc\u00edpulos se llenaron de alegr\u00eda cuando vieron al Se\u00f1or.<br>Jes\u00fas les dijo de nuevo: \"\u00a1La paz est\u00e9 con ustedes! Como el Padre me envi\u00f3 a m\u00ed, yo tambi\u00e9n los env\u00edo a ustedes\".<br>Al decirles esto, sopl\u00f3 sobre ellos y a\u00f1adi\u00f3: \"Reciban el Esp\u00edritu Santo.<br>Los pecados ser\u00e1n perdonados a los que ustedes se los perdonen, y ser\u00e1n retenidos a los que ustedes se los retengan\". <\/p>\n<!-- \/wp:paragraph -->\n\n<!-- wp:paragraph {\"align\":\"right\"} -->\n<p class=\"has-text-align-right\"><em>Extra\u00eddo de la Biblia: Libro del Pueblo de Dios. <\/em><\/p>\n<!-- \/wp:paragraph -->","_et_gb_content_width":""},"categories":[6],"tags":[],"aioseo_notices":[],"_links":{"self":[{"href":"https:\/\/www.obispado-mdp.org.ar\/a\/wp-json\/wp\/v2\/posts\/41123"}],"collection":[{"href":"https:\/\/www.obispado-mdp.org.ar\/a\/wp-json\/wp\/v2\/posts"}],"about":[{"href":"https:\/\/www.obispado-mdp.org.ar\/a\/wp-json\/wp\/v2\/types\/post"}],"author":[{"embeddable":true,"href":"https:\/\/www.obispado-mdp.org.ar\/a\/wp-json\/wp\/v2\/users\/3"}],"replies":[{"embeddable":true,"href":"https:\/\/www.obispado-mdp.org.ar\/a\/wp-json\/wp\/v2\/comments?post=41123"}],"version-history":[{"count":1,"href":"https:\/\/www.obispado-mdp.org.ar\/a\/wp-json\/wp\/v2\/posts\/41123\/revisions"}],"predecessor-version":[{"id":41124,"href":"https:\/\/www.obispado-mdp.org.ar\/a\/wp-json\/wp\/v2\/posts\/41123\/revisions\/41124"}],"wp:featuredmedia":[{"embeddable":true,"href":"https:\/\/www.obispado-mdp.org.ar\/a\/wp-json\/wp\/v2\/media\/31450"}],"wp:attachment":[{"href":"https:\/\/www.obispado-mdp.org.ar\/a\/wp-json\/wp\/v2\/media?parent=41123"}],"wp:term":[{"taxonomy":"category","embeddable":true,"href":"https:\/\/www.obispado-mdp.org.ar\/a\/wp-json\/wp\/v2\/categories?post=41123"},{"taxonomy":"post_tag","embeddable":true,"href":"https:\/\/www.obispado-mdp.org.ar\/a\/wp-json\/wp\/v2\/tags?post=41123"}],"curies":[{"name":"wp","href":"https:\/\/api.w.org\/{rel}","templated":true}]}}