{"id":41125,"date":"2023-10-19T18:30:00","date_gmt":"2023-10-19T21:30:00","guid":{"rendered":"https:\/\/www.obispado-mdp.org.ar\/a\/?p=41125"},"modified":"2023-08-06T18:17:02","modified_gmt":"2023-08-06T21:17:02","slug":"evangelio-segun-san-lucas-121-7-3","status":"publish","type":"post","link":"https:\/\/www.obispado-mdp.org.ar\/a\/evangelio-segun-san-lucas-121-7-3\/","title":{"rendered":"Evangelio seg\u00fan San\u00a0Lucas\u00a012,1-7."},"content":{"rendered":"\n<p>Se reunieron miles de personas, hasta el punto de atropellarse unos a otros. Jes\u00fas comenz\u00f3 a decir, dirigi\u00e9ndose primero a sus disc\u00edpulos: \u00abCu\u00eddense de la levadura de los fariseos, que es la hipocres\u00eda.<br>No hay nada oculto que no deba ser revelado, ni nada secreto que no deba ser conocido.<br>Por eso, todo lo que ustedes han dicho en la oscuridad, ser\u00e1 escuchado en pleno d\u00eda; y lo que han hablado al o\u00eddo, en las habitaciones m\u00e1s ocultas, ser\u00e1 proclamado desde lo alto de las casas.<br>A ustedes, mis amigos, les digo: No teman a los que matan el cuerpo y despu\u00e9s no pueden hacer nada m\u00e1s.<br>Yo les indicar\u00e9 a qui\u00e9n deben temer: teman a aquel que, despu\u00e9s de matar, tiene el poder de arrojar a la Gehena. S\u00ed, les repito, teman a ese.<br>\u00bfNo se venden acaso cinco p\u00e1jaros por dos monedas? Sin embargo, Dios no olvida a ninguno de ellos.<br>Ustedes tienen contados todos sus cabellos: no teman, porque valen m\u00e1s que muchos p\u00e1jaros.\u00bb<\/p>\n\n\n\n<p class=\"has-text-align-right\"><em>Extra\u00eddo de la Biblia: Libro del Pueblo de Dios. <\/em><\/p>\n","protected":false},"excerpt":{"rendered":"<p>Se reunieron miles de personas, hasta el punto de atropellarse unos a otros. Jes\u00fas comenz\u00f3 a decir, dirigi\u00e9ndose primero a sus disc\u00edpulos: \u00abCu\u00eddense de la levadura de los fariseos, que es la hipocres\u00eda.No hay nada oculto que no deba ser revelado, ni nada secreto que no deba ser conocido.Por eso, todo lo que ustedes han [&hellip;]<\/p>\n","protected":false},"author":3,"featured_media":31455,"comment_status":"open","ping_status":"closed","sticky":false,"template":"","format":"standard","meta":{"_et_pb_use_builder":"off","_et_pb_old_content":"<!-- wp:paragraph -->\n<p> Al atardecer de ese mismo d\u00eda, el primero de la semana, estando cerradas las puertas del lugar donde se encontraban los disc\u00edpulos, por temor a los jud\u00edos, lleg\u00f3 Jes\u00fas y poni\u00e9ndose en medio de ellos, les dijo: \"\u00a1La paz est\u00e9 con ustedes!\".<br>Mientras dec\u00eda esto, les mostr\u00f3 sus manos y su costado. Los disc\u00edpulos se llenaron de alegr\u00eda cuando vieron al Se\u00f1or.<br>Jes\u00fas les dijo de nuevo: \"\u00a1La paz est\u00e9 con ustedes! Como el Padre me envi\u00f3 a m\u00ed, yo tambi\u00e9n los env\u00edo a ustedes\".<br>Al decirles esto, sopl\u00f3 sobre ellos y a\u00f1adi\u00f3: \"Reciban el Esp\u00edritu Santo.<br>Los pecados ser\u00e1n perdonados a los que ustedes se los perdonen, y ser\u00e1n retenidos a los que ustedes se los retengan\". <\/p>\n<!-- \/wp:paragraph -->\n\n<!-- wp:paragraph {\"align\":\"right\"} -->\n<p class=\"has-text-align-right\"><em>Extra\u00eddo de la Biblia: Libro del Pueblo de Dios. <\/em><\/p>\n<!-- \/wp:paragraph -->","_et_gb_content_width":""},"categories":[6],"tags":[],"aioseo_notices":[],"_links":{"self":[{"href":"https:\/\/www.obispado-mdp.org.ar\/a\/wp-json\/wp\/v2\/posts\/41125"}],"collection":[{"href":"https:\/\/www.obispado-mdp.org.ar\/a\/wp-json\/wp\/v2\/posts"}],"about":[{"href":"https:\/\/www.obispado-mdp.org.ar\/a\/wp-json\/wp\/v2\/types\/post"}],"author":[{"embeddable":true,"href":"https:\/\/www.obispado-mdp.org.ar\/a\/wp-json\/wp\/v2\/users\/3"}],"replies":[{"embeddable":true,"href":"https:\/\/www.obispado-mdp.org.ar\/a\/wp-json\/wp\/v2\/comments?post=41125"}],"version-history":[{"count":1,"href":"https:\/\/www.obispado-mdp.org.ar\/a\/wp-json\/wp\/v2\/posts\/41125\/revisions"}],"predecessor-version":[{"id":41126,"href":"https:\/\/www.obispado-mdp.org.ar\/a\/wp-json\/wp\/v2\/posts\/41125\/revisions\/41126"}],"wp:featuredmedia":[{"embeddable":true,"href":"https:\/\/www.obispado-mdp.org.ar\/a\/wp-json\/wp\/v2\/media\/31455"}],"wp:attachment":[{"href":"https:\/\/www.obispado-mdp.org.ar\/a\/wp-json\/wp\/v2\/media?parent=41125"}],"wp:term":[{"taxonomy":"category","embeddable":true,"href":"https:\/\/www.obispado-mdp.org.ar\/a\/wp-json\/wp\/v2\/categories?post=41125"},{"taxonomy":"post_tag","embeddable":true,"href":"https:\/\/www.obispado-mdp.org.ar\/a\/wp-json\/wp\/v2\/tags?post=41125"}],"curies":[{"name":"wp","href":"https:\/\/api.w.org\/{rel}","templated":true}]}}