{"id":41131,"date":"2023-10-22T18:30:00","date_gmt":"2023-10-22T21:30:00","guid":{"rendered":"https:\/\/www.obispado-mdp.org.ar\/a\/?p=41131"},"modified":"2023-08-06T18:19:44","modified_gmt":"2023-08-06T21:19:44","slug":"evangelio-segun-san-lucas-1213-21-3","status":"publish","type":"post","link":"https:\/\/www.obispado-mdp.org.ar\/a\/evangelio-segun-san-lucas-1213-21-3\/","title":{"rendered":"Evangelio seg\u00fan San\u00a0Lucas\u00a012,13-21."},"content":{"rendered":"\n<p>En aquel tiempo:<br>Uno de la multitud le dijo: \u00abMaestro, dile a mi hermano que comparta conmigo la herencia\u00bb.<br>Jes\u00fas le respondi\u00f3: \u00abAmigo, \u00bfqui\u00e9n me ha constituido juez o \u00e1rbitro entre ustedes?\u00bb.<br>Despu\u00e9s les dijo: \u00abCu\u00eddense de toda avaricia, porque a\u00fan en medio de la abundancia, la vida de un hombre no est\u00e1 asegurada por sus riquezas\u00bb.<br>Les dijo entonces una par\u00e1bola: \u00abHab\u00eda un hombre rico, cuyas tierras hab\u00edan producido mucho,<br>y se preguntaba a s\u00ed mismo: &#8216;\u00bfQu\u00e9 voy a hacer? No tengo d\u00f3nde guardar mi cosecha&#8217;.<br>Despu\u00e9s pens\u00f3: &#8216;Voy a hacer esto: demoler\u00e9 mis graneros, construir\u00e9 otros m\u00e1s grandes y amontonar\u00e9 all\u00ed todo mi trigo y mis bienes,<br>y dir\u00e9 a mi alma: Alma m\u00eda, tienes bienes almacenados para muchos a\u00f1os; descansa, come, bebe y date buena vida&#8217;.<br>Pero Dios le dijo: &#8216;Insensato, esta misma noche vas a morir. \u00bfY para qui\u00e9n ser\u00e1 lo que has amontonado?&#8217;.<br>Esto es lo que sucede al que acumula riquezas para s\u00ed, y no es rico a los ojos de Dios\u00bb.<\/p>\n\n\n\n<p class=\"has-text-align-right\"><em>Extra\u00eddo de la Biblia: Libro del Pueblo de Dios. <\/em><\/p>\n","protected":false},"excerpt":{"rendered":"<p>En aquel tiempo:Uno de la multitud le dijo: \u00abMaestro, dile a mi hermano que comparta conmigo la herencia\u00bb.Jes\u00fas le respondi\u00f3: \u00abAmigo, \u00bfqui\u00e9n me ha constituido juez o \u00e1rbitro entre ustedes?\u00bb.Despu\u00e9s les dijo: \u00abCu\u00eddense de toda avaricia, porque a\u00fan en medio de la abundancia, la vida de un hombre no est\u00e1 asegurada por sus riquezas\u00bb.Les dijo [&hellip;]<\/p>\n","protected":false},"author":3,"featured_media":31451,"comment_status":"open","ping_status":"closed","sticky":false,"template":"","format":"standard","meta":{"_et_pb_use_builder":"off","_et_pb_old_content":"<!-- wp:paragraph -->\n<p> Al atardecer de ese mismo d\u00eda, el primero de la semana, estando cerradas las puertas del lugar donde se encontraban los disc\u00edpulos, por temor a los jud\u00edos, lleg\u00f3 Jes\u00fas y poni\u00e9ndose en medio de ellos, les dijo: \"\u00a1La paz est\u00e9 con ustedes!\".<br>Mientras dec\u00eda esto, les mostr\u00f3 sus manos y su costado. Los disc\u00edpulos se llenaron de alegr\u00eda cuando vieron al Se\u00f1or.<br>Jes\u00fas les dijo de nuevo: \"\u00a1La paz est\u00e9 con ustedes! Como el Padre me envi\u00f3 a m\u00ed, yo tambi\u00e9n los env\u00edo a ustedes\".<br>Al decirles esto, sopl\u00f3 sobre ellos y a\u00f1adi\u00f3: \"Reciban el Esp\u00edritu Santo.<br>Los pecados ser\u00e1n perdonados a los que ustedes se los perdonen, y ser\u00e1n retenidos a los que ustedes se los retengan\". <\/p>\n<!-- \/wp:paragraph -->\n\n<!-- wp:paragraph {\"align\":\"right\"} -->\n<p class=\"has-text-align-right\"><em>Extra\u00eddo de la Biblia: Libro del Pueblo de Dios. <\/em><\/p>\n<!-- \/wp:paragraph -->","_et_gb_content_width":""},"categories":[6],"tags":[],"aioseo_notices":[],"_links":{"self":[{"href":"https:\/\/www.obispado-mdp.org.ar\/a\/wp-json\/wp\/v2\/posts\/41131"}],"collection":[{"href":"https:\/\/www.obispado-mdp.org.ar\/a\/wp-json\/wp\/v2\/posts"}],"about":[{"href":"https:\/\/www.obispado-mdp.org.ar\/a\/wp-json\/wp\/v2\/types\/post"}],"author":[{"embeddable":true,"href":"https:\/\/www.obispado-mdp.org.ar\/a\/wp-json\/wp\/v2\/users\/3"}],"replies":[{"embeddable":true,"href":"https:\/\/www.obispado-mdp.org.ar\/a\/wp-json\/wp\/v2\/comments?post=41131"}],"version-history":[{"count":1,"href":"https:\/\/www.obispado-mdp.org.ar\/a\/wp-json\/wp\/v2\/posts\/41131\/revisions"}],"predecessor-version":[{"id":41132,"href":"https:\/\/www.obispado-mdp.org.ar\/a\/wp-json\/wp\/v2\/posts\/41131\/revisions\/41132"}],"wp:featuredmedia":[{"embeddable":true,"href":"https:\/\/www.obispado-mdp.org.ar\/a\/wp-json\/wp\/v2\/media\/31451"}],"wp:attachment":[{"href":"https:\/\/www.obispado-mdp.org.ar\/a\/wp-json\/wp\/v2\/media?parent=41131"}],"wp:term":[{"taxonomy":"category","embeddable":true,"href":"https:\/\/www.obispado-mdp.org.ar\/a\/wp-json\/wp\/v2\/categories?post=41131"},{"taxonomy":"post_tag","embeddable":true,"href":"https:\/\/www.obispado-mdp.org.ar\/a\/wp-json\/wp\/v2\/tags?post=41131"}],"curies":[{"name":"wp","href":"https:\/\/api.w.org\/{rel}","templated":true}]}}