{"id":41135,"date":"2023-10-24T18:30:00","date_gmt":"2023-10-24T21:30:00","guid":{"rendered":"https:\/\/www.obispado-mdp.org.ar\/a\/?p=41135"},"modified":"2023-08-06T18:21:23","modified_gmt":"2023-08-06T21:21:23","slug":"evangelio-segun-san-lucas-1239-48-3","status":"publish","type":"post","link":"https:\/\/www.obispado-mdp.org.ar\/a\/evangelio-segun-san-lucas-1239-48-3\/","title":{"rendered":"Evangelio seg\u00fan San\u00a0Lucas\u00a012,39-48."},"content":{"rendered":"\n<p>Jes\u00fas dijo a sus disc\u00edpulos: \u00abEnti\u00e9ndanlo bien: si el due\u00f1o de casa supiera a qu\u00e9 hora va llegar el ladr\u00f3n, no dejar\u00eda perforar las paredes de su casa.<br>Ustedes tambi\u00e9n est\u00e9n preparados, porque el Hijo del hombre llegar\u00e1 a la hora menos pensada\u00bb.<br>Pedro pregunt\u00f3 entonces: \u00abSe\u00f1or, \u00bfesta par\u00e1bola la dices para nosotros o para todos?\u00bb.<br>El Se\u00f1or le dijo: \u00ab\u00bfCu\u00e1l es el administrador fiel y previsor, a quien el Se\u00f1or pondr\u00e1 al frente de su personal para distribuirle la raci\u00f3n de trigo en el momento oportuno?<br>\u00a1Feliz aquel a quien su se\u00f1or, al llegar, encuentre ocupado en este trabajo!<br>Les aseguro que lo har\u00e1 administrador de todos sus bienes.<br>Pero si este servidor piensa: &#8216;Mi se\u00f1or tardar\u00e1 en llegar&#8217;, y se dedica a golpear a los servidores y a las sirvientas, y se pone a comer, a beber y a emborracharse,<br>su se\u00f1or llegar\u00e1 el d\u00eda y la hora menos pensada, lo castigar\u00e1 y le har\u00e1 correr la misma suerte que los infieles.<br>El servidor que, conociendo la voluntad de su se\u00f1or, no tuvo las cosas preparadas y no obr\u00f3 conforme a lo que \u00e9l hab\u00eda dispuesto, recibir\u00e1 un castigo severo.<br>Pero aquel que sin saberlo, se hizo tambi\u00e9n culpable, ser\u00e1 castigado menos severamente. Al que se le dio mucho, se le pedir\u00e1 mucho; y al que se le confi\u00f3 mucho, se le reclamar\u00e1 mucho m\u00e1s.\u00bb<\/p>\n\n\n\n<p class=\"has-text-align-right\"><em>Extra\u00eddo de la Biblia: Libro del Pueblo de Dios. <\/em><\/p>\n","protected":false},"excerpt":{"rendered":"<p>Jes\u00fas dijo a sus disc\u00edpulos: \u00abEnti\u00e9ndanlo bien: si el due\u00f1o de casa supiera a qu\u00e9 hora va llegar el ladr\u00f3n, no dejar\u00eda perforar las paredes de su casa.Ustedes tambi\u00e9n est\u00e9n preparados, porque el Hijo del hombre llegar\u00e1 a la hora menos pensada\u00bb.Pedro pregunt\u00f3 entonces: \u00abSe\u00f1or, \u00bfesta par\u00e1bola la dices para nosotros o para todos?\u00bb.El Se\u00f1or [&hellip;]<\/p>\n","protected":false},"author":3,"featured_media":31453,"comment_status":"open","ping_status":"closed","sticky":false,"template":"","format":"standard","meta":{"_et_pb_use_builder":"off","_et_pb_old_content":"<!-- wp:paragraph -->\n<p> Al atardecer de ese mismo d\u00eda, el primero de la semana, estando cerradas las puertas del lugar donde se encontraban los disc\u00edpulos, por temor a los jud\u00edos, lleg\u00f3 Jes\u00fas y poni\u00e9ndose en medio de ellos, les dijo: \"\u00a1La paz est\u00e9 con ustedes!\".<br>Mientras dec\u00eda esto, les mostr\u00f3 sus manos y su costado. Los disc\u00edpulos se llenaron de alegr\u00eda cuando vieron al Se\u00f1or.<br>Jes\u00fas les dijo de nuevo: \"\u00a1La paz est\u00e9 con ustedes! Como el Padre me envi\u00f3 a m\u00ed, yo tambi\u00e9n los env\u00edo a ustedes\".<br>Al decirles esto, sopl\u00f3 sobre ellos y a\u00f1adi\u00f3: \"Reciban el Esp\u00edritu Santo.<br>Los pecados ser\u00e1n perdonados a los que ustedes se los perdonen, y ser\u00e1n retenidos a los que ustedes se los retengan\". <\/p>\n<!-- \/wp:paragraph -->\n\n<!-- wp:paragraph {\"align\":\"right\"} -->\n<p class=\"has-text-align-right\"><em>Extra\u00eddo de la Biblia: Libro del Pueblo de Dios. <\/em><\/p>\n<!-- \/wp:paragraph -->","_et_gb_content_width":""},"categories":[6],"tags":[],"aioseo_notices":[],"_links":{"self":[{"href":"https:\/\/www.obispado-mdp.org.ar\/a\/wp-json\/wp\/v2\/posts\/41135"}],"collection":[{"href":"https:\/\/www.obispado-mdp.org.ar\/a\/wp-json\/wp\/v2\/posts"}],"about":[{"href":"https:\/\/www.obispado-mdp.org.ar\/a\/wp-json\/wp\/v2\/types\/post"}],"author":[{"embeddable":true,"href":"https:\/\/www.obispado-mdp.org.ar\/a\/wp-json\/wp\/v2\/users\/3"}],"replies":[{"embeddable":true,"href":"https:\/\/www.obispado-mdp.org.ar\/a\/wp-json\/wp\/v2\/comments?post=41135"}],"version-history":[{"count":1,"href":"https:\/\/www.obispado-mdp.org.ar\/a\/wp-json\/wp\/v2\/posts\/41135\/revisions"}],"predecessor-version":[{"id":41136,"href":"https:\/\/www.obispado-mdp.org.ar\/a\/wp-json\/wp\/v2\/posts\/41135\/revisions\/41136"}],"wp:featuredmedia":[{"embeddable":true,"href":"https:\/\/www.obispado-mdp.org.ar\/a\/wp-json\/wp\/v2\/media\/31453"}],"wp:attachment":[{"href":"https:\/\/www.obispado-mdp.org.ar\/a\/wp-json\/wp\/v2\/media?parent=41135"}],"wp:term":[{"taxonomy":"category","embeddable":true,"href":"https:\/\/www.obispado-mdp.org.ar\/a\/wp-json\/wp\/v2\/categories?post=41135"},{"taxonomy":"post_tag","embeddable":true,"href":"https:\/\/www.obispado-mdp.org.ar\/a\/wp-json\/wp\/v2\/tags?post=41135"}],"curies":[{"name":"wp","href":"https:\/\/api.w.org\/{rel}","templated":true}]}}