{"id":41158,"date":"2023-08-07T16:55:43","date_gmt":"2023-08-07T19:55:43","guid":{"rendered":"https:\/\/www.obispado-mdp.org.ar\/a\/?p=41158"},"modified":"2023-08-08T09:10:24","modified_gmt":"2023-08-08T12:10:24","slug":"jesus-te-llama-amigo","status":"publish","type":"post","link":"https:\/\/www.obispado-mdp.org.ar\/a\/jesus-te-llama-amigo\/","title":{"rendered":"JESUS TE LLAMA AMIGO."},"content":{"rendered":"\n<p class=\"has-pale-cyan-blue-background-color has-background\"><strong>De este modo el padre obispo Gabriel sintetiz\u00f3 la homil\u00eda de su \u00faltima celebraci\u00f3n de la tradicional fiesta patronal de San Cayetano que anualmente moviliza a vecinos de toda la ciudad para pedir por Paz, Pan, Techo y Trabajo.<\/strong><\/p>\n\n\n\n<p>El barrio de Moreno al 6000 estuvo convulsionado desde la apertura del Santuario cuando miles de fieles vienen a pedir por trabajo al Santo confiando en la las oraciones a Dios y la Virgen.<\/p>\n\n\n\n<p>Esta tarde se celebr\u00f3 la Misa de cierre de la Patronal y el padre obispo Gabriel agradeci\u00f3 \u201cpoder reencontrarme con tantos rostros de los viejos amigos de todos los barrios para celebrar juntos la fiesta de San Cayetano como hace tantos a\u00f1os\u201d.<\/p>\n\n\n\n<p>Se encontraban tambi\u00e9n presentes el intendente municipal, dirigentes de los distintas organizaciones de la sociedad y miembros de todas las parroquias de la ciudad<\/p>\n\n\n\n<p><strong>HOMILIA<\/strong><\/p>\n\n\n\n<p>En su homil\u00eda, Mons. Maestre dijo \u201cEn el Evangelio Jes\u00fas no los llamo ciervo, sino amigos.<\/p>\n\n\n\n<p>Jes\u00fas nos dice a cada uno Amigos y miren que importante que somos para Jes\u00fas!<\/p>\n\n\n\n<p>Hoy honramos a San Cayetano, cu\u00e1l es la mejor definici\u00f3n de santo: amigo de Dios!&nbsp; Al mirar a San Cayetano descubrimos que somos amigos de Dios porque somos llamados a ser Santos.<\/p>\n\n\n\n<p>Por \u00faltimo, los invito a ser amigos entre nosotros: en el trabajo, la casa el club&#8230;.en todos lados debemos renovar la amistad con todos los que nos rodean. Debemos construir una verdadera \u00abamistad social\u00bb como pide el pap\u00e1 Francisco para mejorar nuestra Patria.<\/p>\n\n\n\n<p>Aprendamos a perdonar a dialogar, a respetarnos, esos son los valores de la amistad.<\/p>\n\n\n\n<p>Hoy venimos a pedir tierra, paz, techo y trabajo, pero esencialmente debemos ser amigos de Jes\u00fas y de cada hermano.<\/p>\n\n\n\n<p>Viva la Virgen, viva San Cayetano&#8230;amigo de Dios y amigo nuestro.<\/p>\n\n\n\n<figure class=\"wp-container-2 wp-block-gallery-1 wp-block-gallery has-nested-images columns-default is-cropped\">\n<figure class=\"wp-block-image size-large\"><img loading=\"lazy\" width=\"768\" height=\"1024\" data-id=\"41166\"  src=\"https:\/\/www.obispado-mdp.org.ar\/a\/wp-content\/uploads\/2023\/08\/01a8ab0e-4b85-48bc-890b-2a880cae6b56-768x1024.jpg\" alt=\"\" class=\"wp-image-41166\"\/><\/figure>\n\n\n\n<figure class=\"wp-block-image size-large\"><img loading=\"lazy\" width=\"768\" height=\"1024\" data-id=\"41165\"  src=\"https:\/\/www.obispado-mdp.org.ar\/a\/wp-content\/uploads\/2023\/08\/2a0db0d5-c8cc-498b-ac88-dcc610d931d6-768x1024.jpg\" alt=\"\" class=\"wp-image-41165\"\/><\/figure>\n\n\n\n<figure class=\"wp-block-image size-large\"><img loading=\"lazy\" width=\"1024\" height=\"472\" data-id=\"41162\"  src=\"https:\/\/www.obispado-mdp.org.ar\/a\/wp-content\/uploads\/2023\/08\/2f3c1062-3ef8-4d40-b8c1-fd36fada8924-1024x472.jpg\" alt=\"\" class=\"wp-image-41162\"\/><\/figure>\n\n\n\n<figure class=\"wp-block-image size-large\"><img loading=\"lazy\" width=\"1024\" height=\"768\" data-id=\"41160\"  src=\"https:\/\/www.obispado-mdp.org.ar\/a\/wp-content\/uploads\/2023\/08\/3c76b69a-4f94-4d21-b596-2d77df77a459-1024x768.jpg\" alt=\"\" class=\"wp-image-41160\"\/><\/figure>\n\n\n\n<figure class=\"wp-block-image size-large\"><img loading=\"lazy\" width=\"720\" height=\"960\" data-id=\"41159\"  src=\"https:\/\/www.obispado-mdp.org.ar\/a\/wp-content\/uploads\/2023\/08\/28b899a0-5e9f-49a6-b4cf-cb633868ef68.jpg\" alt=\"\" class=\"wp-image-41159\"\/><\/figure>\n\n\n\n<figure class=\"wp-block-image size-large\"><img loading=\"lazy\" width=\"768\" height=\"1024\" data-id=\"41163\"  src=\"https:\/\/www.obispado-mdp.org.ar\/a\/wp-content\/uploads\/2023\/08\/a91106bc-bd6a-49ab-860b-3304301ad5de-768x1024.jpg\" alt=\"\" class=\"wp-image-41163\"\/><\/figure>\n\n\n\n<figure class=\"wp-block-image size-large\"><img loading=\"lazy\" width=\"1024\" height=\"768\" data-id=\"41164\"  src=\"https:\/\/www.obispado-mdp.org.ar\/a\/wp-content\/uploads\/2023\/08\/d2cc1f3a-ce17-4ebe-b2fd-75d3fda50e49-1024x768.jpg\" alt=\"\" class=\"wp-image-41164\"\/><\/figure>\n\n\n\n<figure class=\"wp-block-image size-large\"><img loading=\"lazy\" width=\"768\" height=\"1024\" data-id=\"41161\"  src=\"https:\/\/www.obispado-mdp.org.ar\/a\/wp-content\/uploads\/2023\/08\/d56b5d0c-cd12-4e65-b43c-aaa4ddee387e-768x1024.jpg\" alt=\"\" class=\"wp-image-41161\"\/><\/figure>\n<\/figure>\n\n\n\n<p><\/p>\n\n\n\n<hr class=\"wp-block-separator has-alpha-channel-opacity\"\/>\n\n\n\n<figure class=\"wp-container-4 wp-block-gallery-3 wp-block-gallery has-nested-images columns-default is-cropped\">\n<figure class=\"wp-block-image size-large\"><img loading=\"lazy\" width=\"1024\" height=\"576\" data-id=\"41169\"  src=\"https:\/\/www.obispado-mdp.org.ar\/a\/wp-content\/uploads\/2023\/08\/2284d082-a0ca-475d-bd70-4f8de7b5a1ea-1024x576.jpg\" alt=\"\" class=\"wp-image-41169\"\/><\/figure>\n\n\n\n<figure class=\"wp-block-image size-large\"><img loading=\"lazy\" width=\"1024\" height=\"472\" data-id=\"41167\"  src=\"https:\/\/www.obispado-mdp.org.ar\/a\/wp-content\/uploads\/2023\/08\/48383f43-c0e7-4492-8947-7640efeb6507-1024x472.jpg\" alt=\"\" class=\"wp-image-41167\"\/><\/figure>\n<\/figure>\n","protected":false},"excerpt":{"rendered":"<p>De este modo el padre obispo Gabriel sintetiz\u00f3 la homil\u00eda de su \u00faltima celebraci\u00f3n de la tradicional fiesta patronal de San Cayetano que anualmente moviliza a vecinos de toda la ciudad para pedir por Paz, Pan, Techo y Trabajo. El barrio de Moreno al 6000 estuvo convulsionado desde la apertura del Santuario cuando miles de [&hellip;]<\/p>\n","protected":false},"author":4,"featured_media":41186,"comment_status":"open","ping_status":"open","sticky":false,"template":"","format":"standard","meta":{"_et_pb_use_builder":"","_et_pb_old_content":"","_et_gb_content_width":""},"categories":[4],"tags":[],"aioseo_notices":[],"_links":{"self":[{"href":"https:\/\/www.obispado-mdp.org.ar\/a\/wp-json\/wp\/v2\/posts\/41158"}],"collection":[{"href":"https:\/\/www.obispado-mdp.org.ar\/a\/wp-json\/wp\/v2\/posts"}],"about":[{"href":"https:\/\/www.obispado-mdp.org.ar\/a\/wp-json\/wp\/v2\/types\/post"}],"author":[{"embeddable":true,"href":"https:\/\/www.obispado-mdp.org.ar\/a\/wp-json\/wp\/v2\/users\/4"}],"replies":[{"embeddable":true,"href":"https:\/\/www.obispado-mdp.org.ar\/a\/wp-json\/wp\/v2\/comments?post=41158"}],"version-history":[{"count":1,"href":"https:\/\/www.obispado-mdp.org.ar\/a\/wp-json\/wp\/v2\/posts\/41158\/revisions"}],"predecessor-version":[{"id":41171,"href":"https:\/\/www.obispado-mdp.org.ar\/a\/wp-json\/wp\/v2\/posts\/41158\/revisions\/41171"}],"wp:featuredmedia":[{"embeddable":true,"href":"https:\/\/www.obispado-mdp.org.ar\/a\/wp-json\/wp\/v2\/media\/41186"}],"wp:attachment":[{"href":"https:\/\/www.obispado-mdp.org.ar\/a\/wp-json\/wp\/v2\/media?parent=41158"}],"wp:term":[{"taxonomy":"category","embeddable":true,"href":"https:\/\/www.obispado-mdp.org.ar\/a\/wp-json\/wp\/v2\/categories?post=41158"},{"taxonomy":"post_tag","embeddable":true,"href":"https:\/\/www.obispado-mdp.org.ar\/a\/wp-json\/wp\/v2\/tags?post=41158"}],"curies":[{"name":"wp","href":"https:\/\/api.w.org\/{rel}","templated":true}]}}