{"id":41172,"date":"2023-08-08T08:59:47","date_gmt":"2023-08-08T11:59:47","guid":{"rendered":"https:\/\/www.obispado-mdp.org.ar\/a\/?p=41172"},"modified":"2023-08-08T09:03:41","modified_gmt":"2023-08-08T12:03:41","slug":"mons-mestre-recibio-a-los-movimientos-populares","status":"publish","type":"post","link":"https:\/\/www.obispado-mdp.org.ar\/a\/mons-mestre-recibio-a-los-movimientos-populares\/","title":{"rendered":"MONS MESTRE RECIBI\u00d3 A LOS MOVIMIENTOS POPULARES."},"content":{"rendered":"\n<p class=\"has-pale-cyan-blue-background-color has-background\"><strong>Como cada 7 de agosto, el Padre Obispo Gabriel Mestre recibi\u00f3 a los Movimientos Populares que se acercaron al santuario de San Cayetano con su consignas de Paz, Pan, Tierra, Techo y Trabajo.<\/strong><\/p>\n\n\n\n<p>En medio de la algarab\u00eda de la marcha bendijo a cada uno y cada una de los trabajadores de la Econom\u00eda Popular que se hicieron presentes.<\/p>\n\n\n\n<p>Ellos tambi\u00e9n tra\u00edan en sus hombros al Santo Patrono del Trabajo y a la Virgencita de Luj\u00e1n y le agradecieron sus a\u00f1os al frente de la Di\u00f3cesis y su permanente acompa\u00f1amiento a los trabajadores y trabajadoras y sus familias.<\/p>\n\n\n\n<figure class=\"wp-container-2 wp-block-gallery-1 wp-block-gallery has-nested-images columns-default is-cropped\">\n<figure class=\"wp-block-image size-large\"><img loading=\"lazy\" width=\"1024\" height=\"682\" data-id=\"41178\"  src=\"https:\/\/www.obispado-mdp.org.ar\/a\/wp-content\/uploads\/2023\/08\/IMG-20230808-WA0004-1024x682.jpg\" alt=\"\" class=\"wp-image-41178\"\/><\/figure>\n\n\n\n<figure class=\"wp-block-image size-large\"><img loading=\"lazy\" width=\"819\" height=\"1024\" data-id=\"41176\"  src=\"https:\/\/www.obispado-mdp.org.ar\/a\/wp-content\/uploads\/2023\/08\/IMG-20230808-WA0010-819x1024.jpg\" alt=\"\" class=\"wp-image-41176\"\/><\/figure>\n\n\n\n<figure class=\"wp-block-image size-large\"><img loading=\"lazy\" width=\"1024\" height=\"683\" data-id=\"41173\"  src=\"https:\/\/www.obispado-mdp.org.ar\/a\/wp-content\/uploads\/2023\/08\/IMG-20230808-WA0006-1024x683.jpg\" alt=\"\" class=\"wp-image-41173\"\/><\/figure>\n\n\n\n<figure class=\"wp-block-image size-large\"><img loading=\"lazy\" width=\"1024\" height=\"683\" data-id=\"41180\"  src=\"https:\/\/www.obispado-mdp.org.ar\/a\/wp-content\/uploads\/2023\/08\/IMG-20230808-WA0012-1024x683.jpg\" alt=\"\" class=\"wp-image-41180\"\/><\/figure>\n\n\n\n<figure class=\"wp-block-image size-large\"><img loading=\"lazy\" width=\"1024\" height=\"682\" data-id=\"41179\"  src=\"https:\/\/www.obispado-mdp.org.ar\/a\/wp-content\/uploads\/2023\/08\/IMG-20230808-WA0007-1024x682.jpg\" alt=\"\" class=\"wp-image-41179\"\/><\/figure>\n\n\n\n<figure class=\"wp-block-image size-large\"><img loading=\"lazy\" width=\"1024\" height=\"683\" data-id=\"41181\"  src=\"https:\/\/www.obispado-mdp.org.ar\/a\/wp-content\/uploads\/2023\/08\/IMG-20230808-WA0011-1024x683.jpg\" alt=\"\" class=\"wp-image-41181\"\/><\/figure>\n\n\n\n<figure class=\"wp-block-image size-large\"><img loading=\"lazy\" width=\"1024\" height=\"682\" data-id=\"41177\"  src=\"https:\/\/www.obispado-mdp.org.ar\/a\/wp-content\/uploads\/2023\/08\/IMG-20230808-WA0003-1024x682.jpg\" alt=\"\" class=\"wp-image-41177\"\/><\/figure>\n\n\n\n<figure class=\"wp-block-image size-large\"><img loading=\"lazy\" width=\"1024\" height=\"682\" data-id=\"41174\"  src=\"https:\/\/www.obispado-mdp.org.ar\/a\/wp-content\/uploads\/2023\/08\/IMG-20230808-WA0001-1024x682.jpg\" alt=\"\" class=\"wp-image-41174\"\/><\/figure>\n\n\n\n<figure class=\"wp-block-image size-large\"><img loading=\"lazy\" width=\"1024\" height=\"683\" data-id=\"41175\"  src=\"https:\/\/www.obispado-mdp.org.ar\/a\/wp-content\/uploads\/2023\/08\/IMG-20230808-WA0002-1024x683.jpg\" alt=\"\" class=\"wp-image-41175\"\/><\/figure>\n<\/figure>\n","protected":false},"excerpt":{"rendered":"<p>Como cada 7 de agosto, el Padre Obispo Gabriel Mestre recibi\u00f3 a los Movimientos Populares que se acercaron al santuario de San Cayetano con su consignas de Paz, Pan, Tierra, Techo y Trabajo. En medio de la algarab\u00eda de la marcha bendijo a cada uno y cada una de los trabajadores de la Econom\u00eda Popular [&hellip;]<\/p>\n","protected":false},"author":4,"featured_media":41182,"comment_status":"open","ping_status":"open","sticky":false,"template":"","format":"standard","meta":{"_et_pb_use_builder":"","_et_pb_old_content":"","_et_gb_content_width":""},"categories":[4,9],"tags":[],"aioseo_notices":[],"_links":{"self":[{"href":"https:\/\/www.obispado-mdp.org.ar\/a\/wp-json\/wp\/v2\/posts\/41172"}],"collection":[{"href":"https:\/\/www.obispado-mdp.org.ar\/a\/wp-json\/wp\/v2\/posts"}],"about":[{"href":"https:\/\/www.obispado-mdp.org.ar\/a\/wp-json\/wp\/v2\/types\/post"}],"author":[{"embeddable":true,"href":"https:\/\/www.obispado-mdp.org.ar\/a\/wp-json\/wp\/v2\/users\/4"}],"replies":[{"embeddable":true,"href":"https:\/\/www.obispado-mdp.org.ar\/a\/wp-json\/wp\/v2\/comments?post=41172"}],"version-history":[{"count":2,"href":"https:\/\/www.obispado-mdp.org.ar\/a\/wp-json\/wp\/v2\/posts\/41172\/revisions"}],"predecessor-version":[{"id":41185,"href":"https:\/\/www.obispado-mdp.org.ar\/a\/wp-json\/wp\/v2\/posts\/41172\/revisions\/41185"}],"wp:featuredmedia":[{"embeddable":true,"href":"https:\/\/www.obispado-mdp.org.ar\/a\/wp-json\/wp\/v2\/media\/41182"}],"wp:attachment":[{"href":"https:\/\/www.obispado-mdp.org.ar\/a\/wp-json\/wp\/v2\/media?parent=41172"}],"wp:term":[{"taxonomy":"category","embeddable":true,"href":"https:\/\/www.obispado-mdp.org.ar\/a\/wp-json\/wp\/v2\/categories?post=41172"},{"taxonomy":"post_tag","embeddable":true,"href":"https:\/\/www.obispado-mdp.org.ar\/a\/wp-json\/wp\/v2\/tags?post=41172"}],"curies":[{"name":"wp","href":"https:\/\/api.w.org\/{rel}","templated":true}]}}