{"id":41187,"date":"2023-08-09T18:55:53","date_gmt":"2023-08-09T21:55:53","guid":{"rendered":"https:\/\/www.obispado-mdp.org.ar\/a\/?p=41187"},"modified":"2023-08-09T18:56:00","modified_gmt":"2023-08-09T21:56:00","slug":"mestre-participa-de-la-comision-permanente-de-la-cea","status":"publish","type":"post","link":"https:\/\/www.obispado-mdp.org.ar\/a\/mestre-participa-de-la-comision-permanente-de-la-cea\/","title":{"rendered":"MESTRE PARTICIPA DE LA COMISI\u00d3N PERMANENTE DE LA CEA."},"content":{"rendered":"\n<p class=\"has-pale-cyan-blue-background-color has-background\">F<strong>inaliza hoy la 194\u00ba reuni\u00f3n de la Comisi\u00f3n Permanente de la Conferencia Episcopal Argentina en la sede de este organismo donde los obispos recibieron la visita del Sr. Nuncio Apost\u00f3lico, Mons. Miroslaw Adamczyk.<\/strong>e<\/p>\n\n\n\n<p class=\"has-white-background-color has-background\">Entre ayer y hoy los Obispos intercambiaron pareceres especialmente en el camino Sinodal de la Iglesia. Con el m\u00e9todo de la conversaci\u00f3n espiritual abordaron el Instrumetum Laboris que la Santa Sede ha publicado para la primera sesi\u00f3n de la XVl asamblea general ordinaria del S\u00ednodo que se llevar\u00e1 a cabo del 4 al 29 de octubre del corriente a\u00f1os en Roma.<\/p>\n\n\n\n<p class=\"has-white-background-color has-background\">Asimismo, en esta reuni\u00f3n, los obispos evaluaron la 122\u00b0 Asamblea Plenaria y elaboraron la agenda de temas de la 123\u00b0 que se desarrollar\u00e1 en el mes de noviembre. Adem\u00e1s, distintas Comisiones Episcopales compartir\u00e1n informes para los obispos presentes.<\/p>\n\n\n\n<p>Los Obispos convocados para esta reuni\u00f3n son los siguientes: Cardenal Mario Aurelio Poli, Cardenal \u00c1ngel Rossi, Monse\u00f1or Jorge Garc\u00eda Cuerva, Mons. Ram\u00f3n Dus, Mons. Mario Antonio Cargnello, Mons. Jorge Eduardo Scheinig, Mons. Gabriel Mestre, Mons. C\u00e9sar Daniel Fern\u00e1ndez, Mons. H\u00e9ctor Luis Zord\u00e1n, Mons. Ariel Torrado Mosconi, Mons. Jorge Lugones, Mons. Jorge V\u00e1zquez, Mons. Gabriel Barba, Mons. Guillermo Caride, Mons. Pedro Mar\u00eda Laxague, Mons. Ricardo Araya, Mons. Marcelo Fabi\u00e1n Mazzitelli, Mons. Hugo Norberto Santiago, Mons. Esteban Laxague y Mons. Carlos Tissera.<\/p>\n\n\n\n<figure class=\"wp-container-2 wp-block-gallery-1 wp-block-gallery has-nested-images columns-default is-cropped\">\n<figure class=\"wp-block-image size-large\"><img loading=\"lazy\" width=\"1024\" height=\"682\" data-id=\"41189\"  src=\"https:\/\/www.obispado-mdp.org.ar\/a\/wp-content\/uploads\/2023\/08\/3697cf93-db58-48b5-8701-5aa4a5b919e5-1024x682.jpg\" alt=\"\" class=\"wp-image-41189\"\/><\/figure>\n\n\n\n<figure class=\"wp-block-image size-large\"><img loading=\"lazy\" width=\"1024\" height=\"682\" data-id=\"41190\"  src=\"https:\/\/www.obispado-mdp.org.ar\/a\/wp-content\/uploads\/2023\/08\/b74c2fd4-b94c-43c6-8fbb-1b074e627113-1024x682.jpg\" alt=\"\" class=\"wp-image-41190\"\/><\/figure>\n\n\n\n<figure class=\"wp-block-image size-large\"><img loading=\"lazy\" width=\"1024\" height=\"612\" data-id=\"41193\"  src=\"https:\/\/www.obispado-mdp.org.ar\/a\/wp-content\/uploads\/2023\/08\/5e694606-1af2-4543-a937-a17d7d212484-2-1024x612.jpg\" alt=\"\" class=\"wp-image-41193\"\/><\/figure>\n<\/figure>\n\n\n\n<hr class=\"wp-block-separator has-alpha-channel-opacity\"\/>\n","protected":false},"excerpt":{"rendered":"<p>Finaliza hoy la 194\u00ba reuni\u00f3n de la Comisi\u00f3n Permanente de la Conferencia Episcopal Argentina en la sede de este organismo donde los obispos recibieron la visita del Sr. Nuncio Apost\u00f3lico, Mons. Miroslaw Adamczyk.e Entre ayer y hoy los Obispos intercambiaron pareceres especialmente en el camino Sinodal de la Iglesia. Con el m\u00e9todo de la conversaci\u00f3n [&hellip;]<\/p>\n","protected":false},"author":4,"featured_media":41189,"comment_status":"open","ping_status":"open","sticky":false,"template":"","format":"standard","meta":{"_et_pb_use_builder":"","_et_pb_old_content":"","_et_gb_content_width":""},"categories":[3],"tags":[],"aioseo_notices":[],"_links":{"self":[{"href":"https:\/\/www.obispado-mdp.org.ar\/a\/wp-json\/wp\/v2\/posts\/41187"}],"collection":[{"href":"https:\/\/www.obispado-mdp.org.ar\/a\/wp-json\/wp\/v2\/posts"}],"about":[{"href":"https:\/\/www.obispado-mdp.org.ar\/a\/wp-json\/wp\/v2\/types\/post"}],"author":[{"embeddable":true,"href":"https:\/\/www.obispado-mdp.org.ar\/a\/wp-json\/wp\/v2\/users\/4"}],"replies":[{"embeddable":true,"href":"https:\/\/www.obispado-mdp.org.ar\/a\/wp-json\/wp\/v2\/comments?post=41187"}],"version-history":[{"count":1,"href":"https:\/\/www.obispado-mdp.org.ar\/a\/wp-json\/wp\/v2\/posts\/41187\/revisions"}],"predecessor-version":[{"id":41194,"href":"https:\/\/www.obispado-mdp.org.ar\/a\/wp-json\/wp\/v2\/posts\/41187\/revisions\/41194"}],"wp:featuredmedia":[{"embeddable":true,"href":"https:\/\/www.obispado-mdp.org.ar\/a\/wp-json\/wp\/v2\/media\/41189"}],"wp:attachment":[{"href":"https:\/\/www.obispado-mdp.org.ar\/a\/wp-json\/wp\/v2\/media?parent=41187"}],"wp:term":[{"taxonomy":"category","embeddable":true,"href":"https:\/\/www.obispado-mdp.org.ar\/a\/wp-json\/wp\/v2\/categories?post=41187"},{"taxonomy":"post_tag","embeddable":true,"href":"https:\/\/www.obispado-mdp.org.ar\/a\/wp-json\/wp\/v2\/tags?post=41187"}],"curies":[{"name":"wp","href":"https:\/\/api.w.org\/{rel}","templated":true}]}}